{"id":42182,"date":"2015-07-30T14:07:19","date_gmt":"2015-07-30T17:07:19","guid":{"rendered":"http:\/\/cordobatimes.com\/showup\/?p=42182"},"modified":"2020-02-29T16:41:03","modified_gmt":"2020-02-29T19:41:03","slug":"despues-de-19-anos-de-matilda-mira-como-esta-tronchatoro","status":"publish","type":"post","link":"https:\/\/www.cordobatimes.com\/showup\/curiosidades\/2015\/07\/30\/despues-de-19-anos-de-matilda-mira-como-esta-tronchatoro\/","title":{"rendered":"Despu\u00e9s de 19 a\u00f1os de \u00abMatilda\u00bb, mir\u00e1 c\u00f3mo est\u00e1 Tronchatoro"},"content":{"rendered":"<h3><strong>Al personaje que marc\u00f3 la infancia de muchos,\u00a0la malvada y aterradora directora que asustaba sin parar a todos los ni\u00f1os, le pasaron los a\u00f1os y ya no se ve tan peligrosa.\u00a0<\/strong><\/h3>\n<p>La pel\u00edcula se film\u00f3 en 1996 y en ese momento\u00a0Pam Ferris, la actriz que interpret\u00f3 el papel, ten\u00eda 48 a\u00f1os. Hoy, 19 a\u00f1os despu\u00e9s, est\u00e1 totalmente cambiada.<\/p>\n<p>El filme dirigido por\u00a0Danny De Vito, fue protagonizado por Mara Wilson, la inolvidable ni\u00f1a del flequillo casta\u00f1o y la mirada p\u00edcara.<\/p>\n<p>Mir\u00e1 c\u00f3mo est\u00e1 ahora.<\/p>\n<p><a href=\"http:\/\/cordobatimes.com\/showup\/wp-content\/uploads\/2015\/07\/troncha.jpg\"><img loading=\"lazy\" decoding=\"async\" class=\" size-full wp-image-42183 aligncenter\" src=\"http:\/\/cordobatimes.com\/showup\/wp-content\/uploads\/2015\/07\/troncha.jpg\" alt=\"troncha\" width=\"500\" height=\"750\" srcset=\"https:\/\/www.cordobatimes.com\/showup\/wp-content\/uploads\/2015\/07\/troncha.jpg 500w, https:\/\/www.cordobatimes.com\/showup\/wp-content\/uploads\/2015\/07\/troncha-200x300.jpg 200w, https:\/\/www.cordobatimes.com\/showup\/wp-content\/uploads\/2015\/07\/troncha-433x650.jpg 433w\" sizes=\"auto, (max-width: 500px) 100vw, 500px\" \/><\/a><\/p>\n","protected":false},"excerpt":{"rendered":"<p>Al personaje que marc\u00f3 la infancia de muchos,\u00a0la malvada y aterradora directora que asustaba sin parar a todos los ni\u00f1os, le pasaron los a\u00f1os y ya no se ve tan peligrosa.\u00a0 La pel\u00edcula se film\u00f3 en 1996 y en ese momento\u00a0Pam Ferris, la actriz que interpret\u00f3 el papel, ten\u00eda 48 a\u00f1os. Hoy, 19 a\u00f1os despu\u00e9s, [&hellip;]<\/p>\n","protected":false},"author":9,"featured_media":42184,"comment_status":"closed","ping_status":"closed","sticky":false,"template":"","format":"standard","meta":{"_seopress_robots_primary_cat":"","_seopress_titles_title":"","_seopress_titles_desc":"","_seopress_robots_index":"","footnotes":""},"categories":[8],"tags":[30267,30268],"class_list":{"0":"post-42182","1":"post","2":"type-post","3":"status-publish","4":"format-standard","5":"has-post-thumbnail","7":"category-curiosidades","8":"tag-matilda-mira-como-esta-tronchatoro","9":"tag-tronchatoro-pam-ferris"},"_links":{"self":[{"href":"https:\/\/www.cordobatimes.com\/showup\/wp-json\/wp\/v2\/posts\/42182","targetHints":{"allow":["GET"]}}],"collection":[{"href":"https:\/\/www.cordobatimes.com\/showup\/wp-json\/wp\/v2\/posts"}],"about":[{"href":"https:\/\/www.cordobatimes.com\/showup\/wp-json\/wp\/v2\/types\/post"}],"author":[{"embeddable":true,"href":"https:\/\/www.cordobatimes.com\/showup\/wp-json\/wp\/v2\/users\/9"}],"replies":[{"embeddable":true,"href":"https:\/\/www.cordobatimes.com\/showup\/wp-json\/wp\/v2\/comments?post=42182"}],"version-history":[{"count":0,"href":"https:\/\/www.cordobatimes.com\/showup\/wp-json\/wp\/v2\/posts\/42182\/revisions"}],"wp:featuredmedia":[{"embeddable":true,"href":"https:\/\/www.cordobatimes.com\/showup\/wp-json\/wp\/v2\/media\/42184"}],"wp:attachment":[{"href":"https:\/\/www.cordobatimes.com\/showup\/wp-json\/wp\/v2\/media?parent=42182"}],"wp:term":[{"taxonomy":"category","embeddable":true,"href":"https:\/\/www.cordobatimes.com\/showup\/wp-json\/wp\/v2\/categories?post=42182"},{"taxonomy":"post_tag","embeddable":true,"href":"https:\/\/www.cordobatimes.com\/showup\/wp-json\/wp\/v2\/tags?post=42182"}],"curies":[{"name":"wp","href":"https:\/\/api.w.org\/{rel}","templated":true}]}}