{"id":41241,"date":"2015-06-26T16:23:05","date_gmt":"2015-06-26T19:23:05","guid":{"rendered":"http:\/\/cordobatimes.com\/showup\/?p=41241"},"modified":"2020-02-24T16:21:35","modified_gmt":"2020-02-24T19:21:35","slug":"harry-potter-regresara-con-una-nueva-aventura","status":"publish","type":"post","link":"https:\/\/www.cordobatimes.com\/showup\/espectaculos\/2015\/06\/26\/harry-potter-regresara-con-una-nueva-aventura\/","title":{"rendered":"Una nueva aventura de Harry Potter"},"content":{"rendered":"<h3><strong>La autora de la saga inform\u00f3 que el mago m\u00e1s famoso de los \u00faltimos tiempos\u00a0tendr\u00e1 una nueva\u00a0aventura.<\/strong><\/h3>\n<p>Con motivo de los 18 a\u00f1os de la primera publicaci\u00f3n de Harry Potter, J. K. Rowling\u00a0anunci\u00f3 v\u00eda Twitter\u00a0que habr\u00e1 una nueva historia del mago m\u00e1s querido por todos. Sin embargo, en esta oportunidad, esta nueva producci\u00f3n no ser\u00e1 en formato escrito ni saldr\u00e1 en la pantalla grande.<\/p>\n<p>\u201cHarry Potter y el Ni\u00f1o Maldito\u201c ser\u00e1 una obra de teatro basada en la saga hom\u00f3nima de gran \u00e9xito que se estrenar\u00e1 el pr\u00f3ximo a\u00f1o, en Londres.<\/p>\n<p>Ante las preguntas de los fan\u00e1ticos, Rowling brind\u00f3 solo algunos detalles. Uno de ellos es que la obra ha sido escrita por el\u00a0Jack Thorne y ser\u00e1 dirigida por John Tiffany.<\/p>\n<p>Tambi\u00e9n asegur\u00f3 que no se trata de una precuela, sino que se contar\u00e1 una\u00a0parte de la vida de Harry\u00a0totalmente desconocida, haciendo foco tambi\u00e9n en lo sucedido con sus padres.<\/p>\n<p data-twttr-id=\"twttr-sandbox-2\">Por \u00faltimo, para responder a quienes se preguntan por qu\u00e9 una obra de teatro y no una novela, asegur\u00f3 que cuando el p\u00fablico la vea estar\u00e1 de acuerdo en que el escenario es \u00abel \u00fanico medio posible para la historia\u00bb.<\/p>\n<p>&nbsp;<\/p>\n<p>&nbsp;<\/p>\n","protected":false},"excerpt":{"rendered":"<p>La autora de la saga inform\u00f3 que el mago m\u00e1s famoso de los \u00faltimos tiempos\u00a0tendr\u00e1 una nueva\u00a0aventura. Con motivo de los 18 a\u00f1os de la primera publicaci\u00f3n de Harry Potter, J. K. Rowling\u00a0anunci\u00f3 v\u00eda Twitter\u00a0que habr\u00e1 una nueva historia del mago m\u00e1s querido por todos. Sin embargo, en esta oportunidad, esta nueva producci\u00f3n no ser\u00e1 [&hellip;]<\/p>\n","protected":false},"author":20,"featured_media":41271,"comment_status":"closed","ping_status":"closed","sticky":false,"template":"","format":"standard","meta":{"_seopress_robots_primary_cat":"","_seopress_titles_title":"","_seopress_titles_desc":"","_seopress_robots_index":"","footnotes":""},"categories":[10],"tags":[30120,30121],"class_list":{"0":"post-41241","1":"post","2":"type-post","3":"status-publish","4":"format-standard","5":"has-post-thumbnail","7":"category-espectaculos","8":"tag-harry-potter-y-el-nino-maldito","9":"tag-obra-de-teatro-harry-potter-y-el-nino-maldito"},"_links":{"self":[{"href":"https:\/\/www.cordobatimes.com\/showup\/wp-json\/wp\/v2\/posts\/41241","targetHints":{"allow":["GET"]}}],"collection":[{"href":"https:\/\/www.cordobatimes.com\/showup\/wp-json\/wp\/v2\/posts"}],"about":[{"href":"https:\/\/www.cordobatimes.com\/showup\/wp-json\/wp\/v2\/types\/post"}],"author":[{"embeddable":true,"href":"https:\/\/www.cordobatimes.com\/showup\/wp-json\/wp\/v2\/users\/20"}],"replies":[{"embeddable":true,"href":"https:\/\/www.cordobatimes.com\/showup\/wp-json\/wp\/v2\/comments?post=41241"}],"version-history":[{"count":0,"href":"https:\/\/www.cordobatimes.com\/showup\/wp-json\/wp\/v2\/posts\/41241\/revisions"}],"wp:featuredmedia":[{"embeddable":true,"href":"https:\/\/www.cordobatimes.com\/showup\/wp-json\/wp\/v2\/media\/41271"}],"wp:attachment":[{"href":"https:\/\/www.cordobatimes.com\/showup\/wp-json\/wp\/v2\/media?parent=41241"}],"wp:term":[{"taxonomy":"category","embeddable":true,"href":"https:\/\/www.cordobatimes.com\/showup\/wp-json\/wp\/v2\/categories?post=41241"},{"taxonomy":"post_tag","embeddable":true,"href":"https:\/\/www.cordobatimes.com\/showup\/wp-json\/wp\/v2\/tags?post=41241"}],"curies":[{"name":"wp","href":"https:\/\/api.w.org\/{rel}","templated":true}]}}