{"id":4083,"date":"2013-11-30T14:08:48","date_gmt":"2013-11-30T17:08:48","guid":{"rendered":"http:\/\/cordobatimes.com\/showup\/?p=4083"},"modified":"2019-11-30T07:54:29","modified_gmt":"2019-11-30T10:54:29","slug":"hablo-cabre-hoy-soy-padre-y-si-tengo-que-hablar-si-estoy-separado","status":"publish","type":"post","link":"https:\/\/www.cordobatimes.com\/showup\/famosos\/2013\/11\/30\/hablo-cabre-hoy-soy-padre-y-si-tengo-que-hablar-si-estoy-separado\/","title":{"rendered":"Habl\u00f3 Cabr\u00e9: \u00abHoy soy padre y si tengo que hablar, s\u00ed, estoy separado\u00bb"},"content":{"rendered":"<h3 style=\"text-align: justify;\"><strong>Por f\u00edn, despu\u00e9s de que los rumores circulen y se magnifiquen, decidi\u00f3 romper el silencio el misterioso gal\u00e1n. Te contamos los detalles.\u00a0<\/strong><\/h3>\n<p style=\"text-align: justify;\">Nicol\u00e1s Cabr\u00e9\u00a0vuelve a estar en la boca de la prensa por el esc\u00e1ndalo de su separaci\u00f3n de la\u00a0\u00abChina\u00bb Su\u00e1rez, con quien tuvo una hija, tras compartir dos a\u00f1os de relaci\u00f3n. Aunque no suele hablar de su vida privada,\u00a0\u00a0el actor le cont\u00f3 a\u00a0Teleshow\u00a0los detalles sobre su distanciamiento de la madre de Rufina.<\/p>\n<blockquote>\n<p style=\"text-align: justify;\">\u00abLas cosas cambiaron. Hoy soy padre y s\u00ed me gusta separar cosas, lo que veo o me comentan, la verdad ya no me hago cargo&#8230;\u00a0Siendo padre es diferente, si tengo que hablar s\u00ed, estoy separado. Pero yo creo que hay que distinguir &#8216;separaci\u00f3n&#8217; de &#8216;pelea&#8217;. Si bien hubo un proyecto que no se concreta de la manera predeterminada que a uno le imponen o como est\u00e1 establecido, tenemos una relaci\u00f3n maravillosa con la \u00abChina\u00bb. Logramos hacer algo que va a ser lo m\u00e1s hermoso que se puede lograr, que es tener a nuestra hija sana, feliz y bella\u00bb<b>,\u00a0<\/b>asegur\u00f3 Nicol\u00e1s.<\/p>\n<\/blockquote>\n<p style=\"text-align: justify;\">A pesar del rompimiento con Su\u00e1rez, la prioridad principal del actor, seg\u00fan \u00e9l mismo remarca, es cuidar de su hija de cuatro meses.<\/p>\n<blockquote>\n<p style=\"text-align: justify;\">\u00abEl amor con el que la buscamos a Rufina, es el mismo amor que nos podemos llegar a tener hoy y es independiente de estar o no juntos. Tengo la suerte o el privilegio de haberme cruzado con la &#8216;China&#8217; que tiene una cabeza gigante y un coraz\u00f3n gigante. Ese amor es lo que nos hace replantearnos hoy que a lo mejor, lo mejor que nos puede pasar, conoci\u00e9ndonos como nos conocemos y prest\u00e1ndole atenci\u00f3n al otro, puede ser lo mejor estar separados\u00bb, explic\u00f3 Cabr\u00e9.<\/p>\n<\/blockquote>\n<p style=\"text-align: justify;\">Con respecto a la relaci\u00f3n que actualmente mantiene con su peque\u00f1a, especific\u00f3: \u00abA Rufi la veo todos los d\u00edas y de verdad tenemos una buena relaci\u00f3n. Tenemos ese amor de prestarle atenci\u00f3n al otro y decir &#8216;hoy es as\u00ed, ma\u00f1ana no sabemos&#8217;. Pero la prioridad n\u00famero uno va a ser siempre Rufina\u00bb.<\/p>\n<p style=\"text-align: justify;\">La esperadas repercuciones tras los rumores del romance que el actor estar\u00eda manteniendo con Agustina Cherri, tampoco se hicieron esperar, y aclar\u00f3:\u00a0\u00abNo me preocupa, hoy tengo la suerte de que la madre de mi hija tiene la cabeza. Nosotros sab\u00edamos que iban a decir lo que est\u00e1n diciendo, no tengo ning\u00fan problema, ella y yo sabemos lo que hacemos y por qu\u00e9 lo hacemos\u00bb.<\/p>\n","protected":false},"excerpt":{"rendered":"<p>Por f\u00edn, despu\u00e9s de que los rumores circulen y se magnifiquen, decidi\u00f3 romper el silencio el misterioso gal\u00e1n. Te contamos los detalles.\u00a0 Nicol\u00e1s Cabr\u00e9\u00a0vuelve a estar en la boca de la prensa por el esc\u00e1ndalo de su separaci\u00f3n de la\u00a0\u00abChina\u00bb Su\u00e1rez, con quien tuvo una hija, tras compartir dos a\u00f1os de relaci\u00f3n. Aunque no suele [&hellip;]<\/p>\n","protected":false},"author":8,"featured_media":4084,"comment_status":"closed","ping_status":"closed","sticky":false,"template":"","format":"standard","meta":{"_seopress_robots_primary_cat":"","_seopress_titles_title":"","_seopress_titles_desc":"","_seopress_robots_index":"","footnotes":""},"categories":[4],"tags":[26347,24714,26348,24713],"class_list":{"0":"post-4083","1":"post","2":"type-post","3":"status-publish","4":"format-standard","5":"has-post-thumbnail","7":"category-famosos","8":"tag-hija-de-nicolas-cabre","9":"tag-nico-cabre-separado-de-la-china-suarez","10":"tag-nicolas-cabre-rufina-cabre","11":"tag-nicolas-cabre-y-la-china-suarez"},"_links":{"self":[{"href":"https:\/\/www.cordobatimes.com\/showup\/wp-json\/wp\/v2\/posts\/4083","targetHints":{"allow":["GET"]}}],"collection":[{"href":"https:\/\/www.cordobatimes.com\/showup\/wp-json\/wp\/v2\/posts"}],"about":[{"href":"https:\/\/www.cordobatimes.com\/showup\/wp-json\/wp\/v2\/types\/post"}],"author":[{"embeddable":true,"href":"https:\/\/www.cordobatimes.com\/showup\/wp-json\/wp\/v2\/users\/8"}],"replies":[{"embeddable":true,"href":"https:\/\/www.cordobatimes.com\/showup\/wp-json\/wp\/v2\/comments?post=4083"}],"version-history":[{"count":0,"href":"https:\/\/www.cordobatimes.com\/showup\/wp-json\/wp\/v2\/posts\/4083\/revisions"}],"wp:featuredmedia":[{"embeddable":true,"href":"https:\/\/www.cordobatimes.com\/showup\/wp-json\/wp\/v2\/media\/4084"}],"wp:attachment":[{"href":"https:\/\/www.cordobatimes.com\/showup\/wp-json\/wp\/v2\/media?parent=4083"}],"wp:term":[{"taxonomy":"category","embeddable":true,"href":"https:\/\/www.cordobatimes.com\/showup\/wp-json\/wp\/v2\/categories?post=4083"},{"taxonomy":"post_tag","embeddable":true,"href":"https:\/\/www.cordobatimes.com\/showup\/wp-json\/wp\/v2\/tags?post=4083"}],"curies":[{"name":"wp","href":"https:\/\/api.w.org\/{rel}","templated":true}]}}