{"id":3865,"date":"2013-11-27T20:42:40","date_gmt":"2013-11-27T23:42:40","guid":{"rendered":"http:\/\/cordobatimes.com\/showup\/?p=3865"},"modified":"2023-07-23T21:24:53","modified_gmt":"2023-07-24T00:24:53","slug":"leo-farina-detenido","status":"publish","type":"post","link":"https:\/\/www.cordobatimes.com\/showup\/famosos\/2013\/11\/27\/leo-farina-detenido\/","title":{"rendered":"Leo Fari\u00f1a detenido"},"content":{"rendered":"<h3 style=\"text-align: justify;\"><strong>El\u00a0ex marido de Karina Jelinek fue detenido esta tarde por efectivos de la Polic\u00eda Federal, por no tener los papeles en orden del auto que conduc\u00eda.<\/strong><\/h3>\n<p style=\"text-align: justify;\">Leo Fari\u00f1a volvi\u00f3 a aparecer en los medios luego un largo tiempo. Despu\u00e9s de su medi\u00e1tica separaci\u00f3n de Karina\u00a0Jelinek y de todo el conflicto con Jorge Lanata por las supuestas c\u00e1maras ocultas que \u00e9ste le hab\u00eda realizado en su programa Periodismo Para Todos, el empresario reapareci\u00f3 luego de ser detenido en pleno barrio porte\u00f1o de Palermo.<\/p>\n<p style=\"text-align: justify;\">Fari\u00f1a manejaba su BMW X6, cuando se le realiz\u00f3 un control vehicular de rutina. Cuando el polic\u00eda recibi\u00f3 los papeles de la camioneta y su documentaci\u00f3n personal, se dio cuenta que\u00a0la numeraci\u00f3n del motor no correspond\u00eda con la c\u00e9dula verde. Ante la imposibilidad de explicar esto, el medi\u00e1tico empresario fue trasladado y demorado en la Comisar\u00eda 23.<\/p>\n<p style=\"text-align: justify;\"><strong>Por Alejandro Russenberger | @ale_russen<\/strong><\/p>\n<p style=\"text-align: justify;\">\n","protected":false},"excerpt":{"rendered":"<p>El\u00a0ex marido de Karina Jelinek fue detenido esta tarde por efectivos de la Polic\u00eda Federal, por no tener los papeles en orden del auto que conduc\u00eda. Leo Fari\u00f1a volvi\u00f3 a aparecer en los medios luego un largo tiempo. Despu\u00e9s de su medi\u00e1tica separaci\u00f3n de Karina\u00a0Jelinek y de todo el conflicto con Jorge Lanata por las [&hellip;]<\/p>\n","protected":false},"author":1,"featured_media":99491,"comment_status":"closed","ping_status":"closed","sticky":false,"template":"","format":"standard","meta":{"_seopress_robots_primary_cat":"","_seopress_titles_title":"","_seopress_titles_desc":"","_seopress_robots_index":"","footnotes":""},"categories":[4],"tags":[26351,26352,26334],"class_list":{"0":"post-3865","1":"post","2":"type-post","3":"status-publish","4":"format-standard","5":"has-post-thumbnail","7":"category-famosos","8":"tag-ex-marido-de-karina-jelinek","9":"tag-karina-jelinek-leo-farina","10":"tag-leo-farina-preso"},"_links":{"self":[{"href":"https:\/\/www.cordobatimes.com\/showup\/wp-json\/wp\/v2\/posts\/3865","targetHints":{"allow":["GET"]}}],"collection":[{"href":"https:\/\/www.cordobatimes.com\/showup\/wp-json\/wp\/v2\/posts"}],"about":[{"href":"https:\/\/www.cordobatimes.com\/showup\/wp-json\/wp\/v2\/types\/post"}],"author":[{"embeddable":true,"href":"https:\/\/www.cordobatimes.com\/showup\/wp-json\/wp\/v2\/users\/1"}],"replies":[{"embeddable":true,"href":"https:\/\/www.cordobatimes.com\/showup\/wp-json\/wp\/v2\/comments?post=3865"}],"version-history":[{"count":0,"href":"https:\/\/www.cordobatimes.com\/showup\/wp-json\/wp\/v2\/posts\/3865\/revisions"}],"wp:featuredmedia":[{"embeddable":true,"href":"https:\/\/www.cordobatimes.com\/showup\/wp-json\/wp\/v2\/media\/99491"}],"wp:attachment":[{"href":"https:\/\/www.cordobatimes.com\/showup\/wp-json\/wp\/v2\/media?parent=3865"}],"wp:term":[{"taxonomy":"category","embeddable":true,"href":"https:\/\/www.cordobatimes.com\/showup\/wp-json\/wp\/v2\/categories?post=3865"},{"taxonomy":"post_tag","embeddable":true,"href":"https:\/\/www.cordobatimes.com\/showup\/wp-json\/wp\/v2\/tags?post=3865"}],"curies":[{"name":"wp","href":"https:\/\/api.w.org\/{rel}","templated":true}]}}