{"id":38077,"date":"2015-04-04T15:08:39","date_gmt":"2015-04-04T18:08:39","guid":{"rendered":"http:\/\/cordobatimes.com\/showup\/?p=38077"},"modified":"2020-02-22T07:59:16","modified_gmt":"2020-02-22T10:59:16","slug":"estrenaron-trailer-del-documental-sobre-la-vida-de-amy-winehouse-video","status":"publish","type":"post","link":"https:\/\/www.cordobatimes.com\/showup\/cine-y-series\/2015\/04\/04\/estrenaron-trailer-del-documental-sobre-la-vida-de-amy-winehouse-video\/","title":{"rendered":"Estrenaron tr\u00e1iler del documental sobre la vida de Amy Winehouse (Video)"},"content":{"rendered":"<h3 style=\"text-align: justify;\"><strong>El anhelado film \u00a0sobre la \u00a0cantante brit\u00e1nica se estrenar\u00e1 el pr\u00f3ximo 3 de julio, seg\u00fan un tr\u00e1iler divulgado este jueves en la p\u00e1gina web oficial de la pel\u00edcula.<\/strong><\/h3>\n<p style=\"text-align: justify;\">En este avance del filme, titulado \u00abAmy\u00bb, dirigido por el director brit\u00e1nico Asif Kapadia, se muestran im\u00e1genes in\u00e9ditas de la artista, en las que asegura, entre otras cosas, que nunca crey\u00f3 que iba a ser famosa y duda de poder hacer frente a la fama.<\/p>\n<p style=\"text-align: justify;\">Durante el tr\u00e1iler, que ya refleja la esencia del contenido, una voz le pregunta a la joven, \u201c\u00bfc\u00f3mo crees que lo que vas a hacer?\u201d, a lo que ella responde: \u201cNo creo que vaya a estar con todos los famosos ni que pueda manejarlo\u2026 Probablemente me volver\u00eda loca\u201d.<\/p>\n<p style=\"text-align: justify;\">El filme, elaborado con im\u00e1genes de archivo de la artista, describe la historia de Winehouse en sus propias palabras, con su caracter\u00edstica voz.<\/p>\n<p style=\"text-align: justify;\">Con una imagen de la ni\u00f1a dulce que fue Winehouse y terminando con la reconocible Amy de ojos pintados, pelo cardado y m\u00faltiples tatuajes, el documental pretende recuperar la figura de la genial cantante, que cautiv\u00f3 a millones de admiradores en todo el mundo.<\/p>\n<p style=\"text-align: justify;\">Nacida en 1983, Amy Winehouse muri\u00f3 tr\u00e1gicamente en julio de 2011 en su domicilio del londinense barrio de Camden con tan solo 27 a\u00f1os, como consecuencia de un envenenamiento por alcohol.<\/p>\n<p style=\"text-align: justify;\">No te lo pierdas.<\/p>\n<p><iframe loading=\"lazy\" src=\"https:\/\/www.youtube.com\/embed\/HiMb_hj1fTw\" width=\"560\" height=\"315\" frameborder=\"0\" allowfullscreen=\"allowfullscreen\"><\/iframe><\/p>\n","protected":false},"excerpt":{"rendered":"<p>El anhelado film \u00a0sobre la \u00a0cantante brit\u00e1nica se estrenar\u00e1 el pr\u00f3ximo 3 de julio, seg\u00fan un tr\u00e1iler divulgado este jueves en la p\u00e1gina web oficial de la pel\u00edcula. En este avance del filme, titulado \u00abAmy\u00bb, dirigido por el director brit\u00e1nico Asif Kapadia, se muestran im\u00e1genes in\u00e9ditas de la artista, en las que asegura, entre otras [&hellip;]<\/p>\n","protected":false},"author":9,"featured_media":38092,"comment_status":"closed","ping_status":"closed","sticky":false,"template":"","format":"standard","meta":{"_seopress_robots_primary_cat":"","_seopress_titles_title":"","_seopress_titles_desc":"","_seopress_robots_index":"","footnotes":""},"categories":[3],"tags":[29982,29981,29983],"class_list":{"0":"post-38077","1":"post","2":"type-post","3":"status-publish","4":"format-standard","5":"has-post-thumbnail","7":"category-cine-y-series","8":"tag-documental-sobre-la-vida-de-amy-winehouse","9":"tag-trailer-del-documental-sobre-la-vida-de-amy-winehouse","10":"tag-vida-de-amy-winehouse"},"_links":{"self":[{"href":"https:\/\/www.cordobatimes.com\/showup\/wp-json\/wp\/v2\/posts\/38077","targetHints":{"allow":["GET"]}}],"collection":[{"href":"https:\/\/www.cordobatimes.com\/showup\/wp-json\/wp\/v2\/posts"}],"about":[{"href":"https:\/\/www.cordobatimes.com\/showup\/wp-json\/wp\/v2\/types\/post"}],"author":[{"embeddable":true,"href":"https:\/\/www.cordobatimes.com\/showup\/wp-json\/wp\/v2\/users\/9"}],"replies":[{"embeddable":true,"href":"https:\/\/www.cordobatimes.com\/showup\/wp-json\/wp\/v2\/comments?post=38077"}],"version-history":[{"count":0,"href":"https:\/\/www.cordobatimes.com\/showup\/wp-json\/wp\/v2\/posts\/38077\/revisions"}],"wp:featuredmedia":[{"embeddable":true,"href":"https:\/\/www.cordobatimes.com\/showup\/wp-json\/wp\/v2\/media\/38092"}],"wp:attachment":[{"href":"https:\/\/www.cordobatimes.com\/showup\/wp-json\/wp\/v2\/media?parent=38077"}],"wp:term":[{"taxonomy":"category","embeddable":true,"href":"https:\/\/www.cordobatimes.com\/showup\/wp-json\/wp\/v2\/categories?post=38077"},{"taxonomy":"post_tag","embeddable":true,"href":"https:\/\/www.cordobatimes.com\/showup\/wp-json\/wp\/v2\/tags?post=38077"}],"curies":[{"name":"wp","href":"https:\/\/api.w.org\/{rel}","templated":true}]}}