{"id":38064,"date":"2015-04-01T16:22:13","date_gmt":"2015-04-01T19:22:13","guid":{"rendered":"http:\/\/cordobatimes.com\/showup\/?p=38064"},"modified":"2020-02-22T08:09:25","modified_gmt":"2020-02-22T11:09:25","slug":"la-argentina-en-ojos-extranjeros","status":"publish","type":"post","link":"https:\/\/www.cordobatimes.com\/showup\/cine-y-series\/2015\/04\/01\/la-argentina-en-ojos-extranjeros\/","title":{"rendered":"La Argentina en ojos extranjeros"},"content":{"rendered":"<h3 style=\"text-align: justify;\"><strong>Un artista polaco realiz\u00f3 un cortometraje que intenta reflejar c\u00f3mo es nuestro pa\u00eds. A trav\u00e9s de im\u00e1genes y v\u00eddeos muestra nuestra diversidad geogr\u00e1fica, ideol\u00f3gica y cultural.<\/strong><\/h3>\n<p style=\"text-align: justify;\">Bartosz Lisek es el nombre del realizador audiovisual que recorri\u00f3 en cinco meses la Argentina. Desde las collas en La Puna hasta los Glaciares, la villa en medio de rascacielos y el lujoso Puerto Madero. Todo est\u00e1 retratado en el film. \u00abEs incre\u00edble que puedas encontrar tantas palabras en un solo pa\u00eds. A veces pod\u00e9s sentir como si estuvieras en Europa, otras veces te preguntas si ya llegaste a Bolivia\u201d.<\/p>\n<p style=\"text-align: justify;\">\u201cFollow your way \u2013 Argentina\u201d se llama esta s\u00edntesis de lugares, tradiciones, mate, tango, f\u00fatbol, momentos hist\u00f3ricos claves en nuestro pa\u00eds, para lo que aclara: \u201cPersonajes como Ernesto Guevara, Eva Per\u00f3n o Jorge Videla son parte de la historia de Argentina e introduciendolos no pretendo juzgar nadie. Soy plenamente consciente de las controversias y no quiero ser parte de la disputa\u201d.<\/p>\n<p style=\"text-align: justify;\">Finalmente, agrega: \u201cYo s\u00e9 que tratar de describir la hermosa alma de la argentina con palabras es in\u00fatil&#8230; No estoy seguro de que mis im\u00e1genes hayan captado al menos un peque\u00f1o pedazo de ella, pero estoy seguro de que deje un pedazo de mi coraz\u00f3n del otro lado del oc\u00e9ano. Gracias Argentina. Gracias Sudam\u00e9rica\u00bb.<\/p>\n<p style=\"text-align: justify;\">No te lo pierdas.<\/p>\n<p><iframe loading=\"lazy\" src=\"https:\/\/player.vimeo.com\/video\/122515337\" width=\"500\" height=\"281\" frameborder=\"0\" allowfullscreen=\"allowfullscreen\"><\/iframe><\/p>\n<p>Por: Trinidad Ay\u00e1n.<\/p>\n<p><a href=\"https:\/\/vimeo.com\/122515337\">\u00a0<\/a><\/p>\n","protected":false},"excerpt":{"rendered":"<p>Un artista polaco realiz\u00f3 un cortometraje que intenta reflejar c\u00f3mo es nuestro pa\u00eds. A trav\u00e9s de im\u00e1genes y v\u00eddeos muestra nuestra diversidad geogr\u00e1fica, ideol\u00f3gica y cultural. Bartosz Lisek es el nombre del realizador audiovisual que recorri\u00f3 en cinco meses la Argentina. Desde las collas en La Puna hasta los Glaciares, la villa en medio de [&hellip;]<\/p>\n","protected":false},"author":9,"featured_media":38066,"comment_status":"closed","ping_status":"closed","sticky":false,"template":"","format":"standard","meta":{"_seopress_robots_primary_cat":"","_seopress_titles_title":"","_seopress_titles_desc":"","_seopress_robots_index":"","footnotes":""},"categories":[3],"tags":[29985],"class_list":{"0":"post-38064","1":"post","2":"type-post","3":"status-publish","4":"format-standard","5":"has-post-thumbnail","7":"category-cine-y-series","8":"tag-bartosz-lisek-follow-your-way-argentina"},"_links":{"self":[{"href":"https:\/\/www.cordobatimes.com\/showup\/wp-json\/wp\/v2\/posts\/38064","targetHints":{"allow":["GET"]}}],"collection":[{"href":"https:\/\/www.cordobatimes.com\/showup\/wp-json\/wp\/v2\/posts"}],"about":[{"href":"https:\/\/www.cordobatimes.com\/showup\/wp-json\/wp\/v2\/types\/post"}],"author":[{"embeddable":true,"href":"https:\/\/www.cordobatimes.com\/showup\/wp-json\/wp\/v2\/users\/9"}],"replies":[{"embeddable":true,"href":"https:\/\/www.cordobatimes.com\/showup\/wp-json\/wp\/v2\/comments?post=38064"}],"version-history":[{"count":0,"href":"https:\/\/www.cordobatimes.com\/showup\/wp-json\/wp\/v2\/posts\/38064\/revisions"}],"wp:featuredmedia":[{"embeddable":true,"href":"https:\/\/www.cordobatimes.com\/showup\/wp-json\/wp\/v2\/media\/38066"}],"wp:attachment":[{"href":"https:\/\/www.cordobatimes.com\/showup\/wp-json\/wp\/v2\/media?parent=38064"}],"wp:term":[{"taxonomy":"category","embeddable":true,"href":"https:\/\/www.cordobatimes.com\/showup\/wp-json\/wp\/v2\/categories?post=38064"},{"taxonomy":"post_tag","embeddable":true,"href":"https:\/\/www.cordobatimes.com\/showup\/wp-json\/wp\/v2\/tags?post=38064"}],"curies":[{"name":"wp","href":"https:\/\/api.w.org\/{rel}","templated":true}]}}