{"id":37983,"date":"2015-03-30T20:00:33","date_gmt":"2015-03-30T23:00:33","guid":{"rendered":"http:\/\/cordobatimes.com\/showup\/?p=37983"},"modified":"2020-02-17T19:20:04","modified_gmt":"2020-02-17T22:20:04","slug":"fito-paez-compartio-un-intimo-video","status":"publish","type":"post","link":"https:\/\/www.cordobatimes.com\/showup\/musica\/2015\/03\/30\/fito-paez-compartio-un-intimo-video\/","title":{"rendered":"Fito P\u00e1ez comparti\u00f3 un \u00edntimo video"},"content":{"rendered":"<h3 style=\"text-align: justify;\"><strong>El astro de la m\u00fasica les mostr\u00f3 a sus miles de seguidores un clip casero en el que se lo ve en plena composici\u00f3n musical en la intimidad de su casa.<\/strong><\/h3>\n<p style=\"text-align: justify;\">\u00abPeque\u00f1os momentos de inspiraci\u00f3n, desde el piano, para ustedes\u00bb, escribi\u00f3 el cantante y pianista.<\/p>\n<p style=\"text-align: justify;\">Sencillo, pasional y con una personalidad que se destaca, Fito se dej\u00f3 ver en su m\u00e1s \u00edntimo momento de composici\u00f3n.<\/p>\n<p style=\"text-align: justify;\">\u00a1No te lo pierdas!<\/p>\n<p><iframe loading=\"lazy\" src=\"https:\/\/player.vimeo.com\/video\/123304436\" width=\"500\" height=\"333\" frameborder=\"0\" allowfullscreen=\"allowfullscreen\"><\/iframe><\/p>\n","protected":false},"excerpt":{"rendered":"<p>El astro de la m\u00fasica les mostr\u00f3 a sus miles de seguidores un clip casero en el que se lo ve en plena composici\u00f3n musical en la intimidad de su casa. \u00abPeque\u00f1os momentos de inspiraci\u00f3n, desde el piano, para ustedes\u00bb, escribi\u00f3 el cantante y pianista. Sencillo, pasional y con una personalidad que se destaca, Fito [&hellip;]<\/p>\n","protected":false},"author":9,"featured_media":37984,"comment_status":"closed","ping_status":"closed","sticky":false,"template":"","format":"standard","meta":{"_seopress_robots_primary_cat":"","_seopress_titles_title":"","_seopress_titles_desc":"","_seopress_robots_index":"","footnotes":""},"categories":[5],"tags":[29780,29781],"class_list":{"0":"post-37983","1":"post","2":"type-post","3":"status-publish","4":"format-standard","5":"has-post-thumbnail","7":"category-musica","8":"tag-fito-paez-componiendo","9":"tag-fito-paez-tocando-el-piano"},"_links":{"self":[{"href":"https:\/\/www.cordobatimes.com\/showup\/wp-json\/wp\/v2\/posts\/37983","targetHints":{"allow":["GET"]}}],"collection":[{"href":"https:\/\/www.cordobatimes.com\/showup\/wp-json\/wp\/v2\/posts"}],"about":[{"href":"https:\/\/www.cordobatimes.com\/showup\/wp-json\/wp\/v2\/types\/post"}],"author":[{"embeddable":true,"href":"https:\/\/www.cordobatimes.com\/showup\/wp-json\/wp\/v2\/users\/9"}],"replies":[{"embeddable":true,"href":"https:\/\/www.cordobatimes.com\/showup\/wp-json\/wp\/v2\/comments?post=37983"}],"version-history":[{"count":0,"href":"https:\/\/www.cordobatimes.com\/showup\/wp-json\/wp\/v2\/posts\/37983\/revisions"}],"wp:featuredmedia":[{"embeddable":true,"href":"https:\/\/www.cordobatimes.com\/showup\/wp-json\/wp\/v2\/media\/37984"}],"wp:attachment":[{"href":"https:\/\/www.cordobatimes.com\/showup\/wp-json\/wp\/v2\/media?parent=37983"}],"wp:term":[{"taxonomy":"category","embeddable":true,"href":"https:\/\/www.cordobatimes.com\/showup\/wp-json\/wp\/v2\/categories?post=37983"},{"taxonomy":"post_tag","embeddable":true,"href":"https:\/\/www.cordobatimes.com\/showup\/wp-json\/wp\/v2\/tags?post=37983"}],"curies":[{"name":"wp","href":"https:\/\/api.w.org\/{rel}","templated":true}]}}