{"id":37980,"date":"2015-03-30T18:35:42","date_gmt":"2015-03-30T21:35:42","guid":{"rendered":"http:\/\/cordobatimes.com\/showup\/?p=37980"},"modified":"2020-02-17T19:23:50","modified_gmt":"2020-02-17T22:23:50","slug":"lali-despues-de-cantar-con-serrat-anticipo-esperanza-mia-videos","status":"publish","type":"post","link":"https:\/\/www.cordobatimes.com\/showup\/musica\/2015\/03\/30\/lali-despues-de-cantar-con-serrat-anticipo-esperanza-mia-videos\/","title":{"rendered":"Lali, despu\u00e9s de cantar con Serrat, anticip\u00f3 \u00abEsperanza M\u00eda\u00bb (Videos)"},"content":{"rendered":"<h3 style=\"text-align: justify;\"><strong>La actriz teen no deja de sorprender. Ahora lleg\u00f3 un nuevo adelanto de la serie que ya se piensa que ser\u00e1 todo un \u00e9xito.\u00a0<\/strong><\/h3>\n<p style=\"text-align: justify;\">Recordemos que Lali hace algunas semanas comparti\u00f3 escenario con el gran Joan Manuel Serrat y anoche, volvi\u00f3 a hacerlo con otros incre\u00edbles artistas.<\/p>\n<p style=\"text-align: justify;\">La estrella de \u201cEsperanza m\u00eda\u201d brill\u00f3 ayer en el Gran Rex, donde particip\u00f3 de un show con otros grandes de la m\u00fasica como \u00a0de Abel Pintos y Patricia Sosa.<\/p>\n<p style=\"text-align: justify;\">El recital es organizado por el espa\u00f1ol, quien comparte una canci\u00f3n con cada artista, por sus 50 a\u00f1os de carrera art\u00edstica.<\/p>\n<p style=\"text-align: justify;\">Te dejamos el video de la especial participaci\u00f3n de la bell\u00edsima actriz que la rompi\u00f3.<\/p>\n<p><iframe loading=\"lazy\" src=\"https:\/\/www.youtube.com\/embed\/qxb3PYD7Aok\" width=\"560\" height=\"315\" frameborder=\"0\" allowfullscreen=\"allowfullscreen\"><\/iframe><\/p>\n<p style=\"text-align: justify;\">Pero, como si esto fuera poco, Lali comparti\u00f3 con todos sus seguidores un nuevo adelanto de \u00abEsperanza M\u00eda\u00bb.<\/p>\n<p style=\"text-align: justify;\">\u00bfLo viste?<\/p>\n<p><iframe loading=\"lazy\" src=\"https:\/\/www.youtube.com\/embed\/Z1UgSIey3Wo\" width=\"560\" height=\"315\" frameborder=\"0\" allowfullscreen=\"allowfullscreen\"><\/iframe><\/p>\n","protected":false},"excerpt":{"rendered":"<p>La actriz teen no deja de sorprender. Ahora lleg\u00f3 un nuevo adelanto de la serie que ya se piensa que ser\u00e1 todo un \u00e9xito.\u00a0 Recordemos que Lali hace algunas semanas comparti\u00f3 escenario con el gran Joan Manuel Serrat y anoche, volvi\u00f3 a hacerlo con otros incre\u00edbles artistas. La estrella de \u201cEsperanza m\u00eda\u201d brill\u00f3 ayer en [&hellip;]<\/p>\n","protected":false},"author":9,"featured_media":37981,"comment_status":"closed","ping_status":"closed","sticky":false,"template":"","format":"standard","meta":{"_seopress_robots_primary_cat":"","_seopress_titles_title":"","_seopress_titles_desc":"","_seopress_robots_index":"","footnotes":""},"categories":[5],"tags":[29783,29782],"class_list":{"0":"post-37980","1":"post","2":"type-post","3":"status-publish","4":"format-standard","5":"has-post-thumbnail","7":"category-musica","8":"tag-lali-esposito-cantando-con-joan-manuel-serrat","9":"tag-lali-esposito-cantando-con-serrat"},"_links":{"self":[{"href":"https:\/\/www.cordobatimes.com\/showup\/wp-json\/wp\/v2\/posts\/37980","targetHints":{"allow":["GET"]}}],"collection":[{"href":"https:\/\/www.cordobatimes.com\/showup\/wp-json\/wp\/v2\/posts"}],"about":[{"href":"https:\/\/www.cordobatimes.com\/showup\/wp-json\/wp\/v2\/types\/post"}],"author":[{"embeddable":true,"href":"https:\/\/www.cordobatimes.com\/showup\/wp-json\/wp\/v2\/users\/9"}],"replies":[{"embeddable":true,"href":"https:\/\/www.cordobatimes.com\/showup\/wp-json\/wp\/v2\/comments?post=37980"}],"version-history":[{"count":0,"href":"https:\/\/www.cordobatimes.com\/showup\/wp-json\/wp\/v2\/posts\/37980\/revisions"}],"wp:featuredmedia":[{"embeddable":true,"href":"https:\/\/www.cordobatimes.com\/showup\/wp-json\/wp\/v2\/media\/37981"}],"wp:attachment":[{"href":"https:\/\/www.cordobatimes.com\/showup\/wp-json\/wp\/v2\/media?parent=37980"}],"wp:term":[{"taxonomy":"category","embeddable":true,"href":"https:\/\/www.cordobatimes.com\/showup\/wp-json\/wp\/v2\/categories?post=37980"},{"taxonomy":"post_tag","embeddable":true,"href":"https:\/\/www.cordobatimes.com\/showup\/wp-json\/wp\/v2\/tags?post=37980"}],"curies":[{"name":"wp","href":"https:\/\/api.w.org\/{rel}","templated":true}]}}