{"id":37923,"date":"2015-03-29T15:44:08","date_gmt":"2015-03-29T18:44:08","guid":{"rendered":"http:\/\/cordobatimes.com\/showup\/?p=37923"},"modified":"2020-02-17T19:35:19","modified_gmt":"2020-02-17T22:35:19","slug":"eros-ramazzotti-estreno-al-fin-del-mundo-video","status":"publish","type":"post","link":"https:\/\/www.cordobatimes.com\/showup\/musica\/2015\/03\/29\/eros-ramazzotti-estreno-al-fin-del-mundo-video\/","title":{"rendered":"Eros Ramazzotti estren\u00f3 \u00abAl fin del mundo\u00bb (Video)"},"content":{"rendered":"<h3 style=\"text-align: justify;\"><strong>El reconocido m\u00fasico regresa a la escena con \u00abSomos con perfecto\u00bb con el que acaba de presentar su primer sencillo.<\/strong><\/h3>\n<p style=\"text-align: justify;\">Esta canci\u00f3n explora hasta d\u00f3nde est\u00e1 dispuesta a llegar una persona por amor, por ejemplo hasta el otro extremo de la tierra aunque eso conlleve cruzar interminables praderas o recorrer territorios inexplorados.<\/p>\n<p style=\"text-align: justify;\">El videoclip de Al fin del mundo explica esta idea en sus casi cuatro minutos de duraci\u00f3n a trav\u00e9s de los ojos de un ni\u00f1o, bajo la direcci\u00f3n de Jacopo Rondinelli.<\/p>\n<p style=\"text-align: justify;\">No te lo pierdas.<\/p>\n<p><iframe loading=\"lazy\" src=\"https:\/\/www.youtube.com\/embed\/qMivYkiBeLE\" width=\"560\" height=\"315\" frameborder=\"0\" allowfullscreen=\"allowfullscreen\"><\/iframe><\/p>\n<p>Fuente: culturaocio.com<\/p>\n","protected":false},"excerpt":{"rendered":"<p>El reconocido m\u00fasico regresa a la escena con \u00abSomos con perfecto\u00bb con el que acaba de presentar su primer sencillo. Esta canci\u00f3n explora hasta d\u00f3nde est\u00e1 dispuesta a llegar una persona por amor, por ejemplo hasta el otro extremo de la tierra aunque eso conlleve cruzar interminables praderas o recorrer territorios inexplorados. El videoclip de [&hellip;]<\/p>\n","protected":false},"author":9,"featured_media":37956,"comment_status":"closed","ping_status":"closed","sticky":false,"template":"","format":"standard","meta":{"_seopress_robots_primary_cat":"","_seopress_titles_title":"","_seopress_titles_desc":"","_seopress_robots_index":"","footnotes":""},"categories":[5],"tags":[29785],"class_list":{"0":"post-37923","1":"post","2":"type-post","3":"status-publish","4":"format-standard","5":"has-post-thumbnail","7":"category-musica","8":"tag-eros-ramazzotti-al-fin-del-mundo"},"_links":{"self":[{"href":"https:\/\/www.cordobatimes.com\/showup\/wp-json\/wp\/v2\/posts\/37923","targetHints":{"allow":["GET"]}}],"collection":[{"href":"https:\/\/www.cordobatimes.com\/showup\/wp-json\/wp\/v2\/posts"}],"about":[{"href":"https:\/\/www.cordobatimes.com\/showup\/wp-json\/wp\/v2\/types\/post"}],"author":[{"embeddable":true,"href":"https:\/\/www.cordobatimes.com\/showup\/wp-json\/wp\/v2\/users\/9"}],"replies":[{"embeddable":true,"href":"https:\/\/www.cordobatimes.com\/showup\/wp-json\/wp\/v2\/comments?post=37923"}],"version-history":[{"count":0,"href":"https:\/\/www.cordobatimes.com\/showup\/wp-json\/wp\/v2\/posts\/37923\/revisions"}],"wp:featuredmedia":[{"embeddable":true,"href":"https:\/\/www.cordobatimes.com\/showup\/wp-json\/wp\/v2\/media\/37956"}],"wp:attachment":[{"href":"https:\/\/www.cordobatimes.com\/showup\/wp-json\/wp\/v2\/media?parent=37923"}],"wp:term":[{"taxonomy":"category","embeddable":true,"href":"https:\/\/www.cordobatimes.com\/showup\/wp-json\/wp\/v2\/categories?post=37923"},{"taxonomy":"post_tag","embeddable":true,"href":"https:\/\/www.cordobatimes.com\/showup\/wp-json\/wp\/v2\/tags?post=37923"}],"curies":[{"name":"wp","href":"https:\/\/api.w.org\/{rel}","templated":true}]}}