{"id":37868,"date":"2015-03-26T15:07:22","date_gmt":"2015-03-26T18:07:22","guid":{"rendered":"http:\/\/cordobatimes.com\/showup\/?p=37868"},"modified":"2020-02-17T21:00:07","modified_gmt":"2020-02-18T00:00:07","slug":"maria-fernanda-callejon-embarazada","status":"publish","type":"post","link":"https:\/\/www.cordobatimes.com\/showup\/famosos\/2015\/03\/26\/maria-fernanda-callejon-embarazada\/","title":{"rendered":"Maria Fernanda Callej\u00f3n \u00bfembarazada?"},"content":{"rendered":"<h3 style=\"text-align: justify;\"><strong>La actriz junto a su marido ya hab\u00edan confirmado su anhelo de ser padres.\u00a0<\/strong><\/h3>\n<p style=\"text-align: justify;\">A comienzos de la temporada, comenz\u00f3 a correr el rumor de que Mar\u00eda Fernanda Callej\u00f3n estaba esperando su primer hijo con su marido, Ricky Diotto, pero ellos no se animaban a confirmarlo porque ya hab\u00edan perdido otros embarazos.<\/p>\n<p style=\"text-align: justify;\">Lo cierto es que la actriz sufre de trombofilia adquirida, una enfermedad que no le permite coagular bien la sangre, y eso le imped\u00eda desarrollar bien el embarazo.<\/p>\n<p style=\"text-align: justify;\">Pero seg\u00fan confirmaron varios medios, \u00a0 sus m\u00e9dicos encontraron la soluci\u00f3n para ella, porque finalmente podemos confirmar que est\u00e1 en la dulce espera.<\/p>\n<p style=\"text-align: justify;\">La bell\u00edsima mujer \u00a0ya se hizo dos ecograf\u00edas que demuestran que todo marcha bien, por lo que disfruta con calma pero colmada de felicidad de esta noticia, que le devuelven su deseo de ser mam\u00e1.<\/p>\n","protected":false},"excerpt":{"rendered":"<p>La actriz junto a su marido ya hab\u00edan confirmado su anhelo de ser padres.\u00a0 A comienzos de la temporada, comenz\u00f3 a correr el rumor de que Mar\u00eda Fernanda Callej\u00f3n estaba esperando su primer hijo con su marido, Ricky Diotto, pero ellos no se animaban a confirmarlo porque ya hab\u00edan perdido otros embarazos. Lo cierto es [&hellip;]<\/p>\n","protected":false},"author":9,"featured_media":37869,"comment_status":"closed","ping_status":"closed","sticky":false,"template":"","format":"standard","meta":{"_seopress_robots_primary_cat":"","_seopress_titles_title":"","_seopress_titles_desc":"","_seopress_robots_index":"","footnotes":""},"categories":[4],"tags":[29790],"class_list":{"0":"post-37868","1":"post","2":"type-post","3":"status-publish","4":"format-standard","5":"has-post-thumbnail","7":"category-famosos","8":"tag-maria-fernanda-callejon-y-ricky-diotto"},"_links":{"self":[{"href":"https:\/\/www.cordobatimes.com\/showup\/wp-json\/wp\/v2\/posts\/37868","targetHints":{"allow":["GET"]}}],"collection":[{"href":"https:\/\/www.cordobatimes.com\/showup\/wp-json\/wp\/v2\/posts"}],"about":[{"href":"https:\/\/www.cordobatimes.com\/showup\/wp-json\/wp\/v2\/types\/post"}],"author":[{"embeddable":true,"href":"https:\/\/www.cordobatimes.com\/showup\/wp-json\/wp\/v2\/users\/9"}],"replies":[{"embeddable":true,"href":"https:\/\/www.cordobatimes.com\/showup\/wp-json\/wp\/v2\/comments?post=37868"}],"version-history":[{"count":0,"href":"https:\/\/www.cordobatimes.com\/showup\/wp-json\/wp\/v2\/posts\/37868\/revisions"}],"wp:featuredmedia":[{"embeddable":true,"href":"https:\/\/www.cordobatimes.com\/showup\/wp-json\/wp\/v2\/media\/37869"}],"wp:attachment":[{"href":"https:\/\/www.cordobatimes.com\/showup\/wp-json\/wp\/v2\/media?parent=37868"}],"wp:term":[{"taxonomy":"category","embeddable":true,"href":"https:\/\/www.cordobatimes.com\/showup\/wp-json\/wp\/v2\/categories?post=37868"},{"taxonomy":"post_tag","embeddable":true,"href":"https:\/\/www.cordobatimes.com\/showup\/wp-json\/wp\/v2\/tags?post=37868"}],"curies":[{"name":"wp","href":"https:\/\/api.w.org\/{rel}","templated":true}]}}