{"id":37840,"date":"2015-03-25T14:24:28","date_gmt":"2015-03-25T17:24:28","guid":{"rendered":"http:\/\/cordobatimes.com\/showup\/?p=37840"},"modified":"2020-02-17T21:05:23","modified_gmt":"2020-02-18T00:05:23","slug":"los-expedientes-x-regresan-a-la-television","status":"publish","type":"post","link":"https:\/\/www.cordobatimes.com\/showup\/cine-y-series\/2015\/03\/25\/los-expedientes-x-regresan-a-la-television\/","title":{"rendered":"Los \u00abExpedientes X\u00bb regresan a la televisi\u00f3n"},"content":{"rendered":"<h3 style=\"text-align: justify;\"><strong>Luego de varios \u00a0meses de especulaci\u00f3n, finalmente se ha confirmado el retorno a la pantalla chica de una de las series m\u00e1s exitosas de la pantalla chica.\u00a0<\/strong><\/h3>\n<p style=\"text-align: justify;\">La serie, que termin\u00f3 en 2002, volver\u00e1 a emitirse por la cadena Fox, bajo la direcci\u00f3n de su creador Chris Carter, en un formato reducido de seis episodios, seg\u00fan confirm\u00f3 el sito The Wrap.<\/p>\n<p style=\"text-align: justify;\">\u201cPasaron 13 a\u00f1os, espero que mi traje todav\u00eda me quede\u201d, expres\u00f3 David en su cuenta de Twitter, confirmando la vuelta.<\/p>\n<p style=\"text-align: justify;\">A trav\u00e9s de la misma red, Gillian escribi\u00f3: \u201cMulder, soy yo. \u00bfEst\u00e1s preparado?\u201d. \u201cEstoy preparado, G-woman\u201d, respondi\u00f3 Duchovny.<\/p>\n<p style=\"text-align: justify;\">Las estrellas David Duchovny y Gillian Anderson volver\u00e1n a ponerse en la piel de los m\u00edticos agentes del FBI, Fox Mulder y Dana Scully.<\/p>\n<p style=\"text-align: justify;\">Aunque no se han dado mayor detalles, vale decir que la serie ya demostr\u00f3 lo importante que fue para la cultura norteamericana, logrando convertirse en una de las series m\u00e1s extensas de la televisi\u00f3n con nueve temporadas (de 1993 a 2002) y dos filmes.<\/p>\n","protected":false},"excerpt":{"rendered":"<p>Luego de varios \u00a0meses de especulaci\u00f3n, finalmente se ha confirmado el retorno a la pantalla chica de una de las series m\u00e1s exitosas de la pantalla chica.\u00a0 La serie, que termin\u00f3 en 2002, volver\u00e1 a emitirse por la cadena Fox, bajo la direcci\u00f3n de su creador Chris Carter, en un formato reducido de seis episodios, [&hellip;]<\/p>\n","protected":false},"author":9,"featured_media":37851,"comment_status":"closed","ping_status":"closed","sticky":false,"template":"","format":"standard","meta":{"_seopress_robots_primary_cat":"","_seopress_titles_title":"","_seopress_titles_desc":"","_seopress_robots_index":"","footnotes":""},"categories":[3],"tags":[29794,29793,29792],"class_list":{"0":"post-37840","1":"post","2":"type-post","3":"status-publish","4":"format-standard","5":"has-post-thumbnail","7":"category-cine-y-series","8":"tag-david-duchovny-y-gillian-anderson","9":"tag-fox-mulder-y-dana-scully","10":"tag-serie-los-expedientes-x"},"_links":{"self":[{"href":"https:\/\/www.cordobatimes.com\/showup\/wp-json\/wp\/v2\/posts\/37840","targetHints":{"allow":["GET"]}}],"collection":[{"href":"https:\/\/www.cordobatimes.com\/showup\/wp-json\/wp\/v2\/posts"}],"about":[{"href":"https:\/\/www.cordobatimes.com\/showup\/wp-json\/wp\/v2\/types\/post"}],"author":[{"embeddable":true,"href":"https:\/\/www.cordobatimes.com\/showup\/wp-json\/wp\/v2\/users\/9"}],"replies":[{"embeddable":true,"href":"https:\/\/www.cordobatimes.com\/showup\/wp-json\/wp\/v2\/comments?post=37840"}],"version-history":[{"count":0,"href":"https:\/\/www.cordobatimes.com\/showup\/wp-json\/wp\/v2\/posts\/37840\/revisions"}],"wp:featuredmedia":[{"embeddable":true,"href":"https:\/\/www.cordobatimes.com\/showup\/wp-json\/wp\/v2\/media\/37851"}],"wp:attachment":[{"href":"https:\/\/www.cordobatimes.com\/showup\/wp-json\/wp\/v2\/media?parent=37840"}],"wp:term":[{"taxonomy":"category","embeddable":true,"href":"https:\/\/www.cordobatimes.com\/showup\/wp-json\/wp\/v2\/categories?post=37840"},{"taxonomy":"post_tag","embeddable":true,"href":"https:\/\/www.cordobatimes.com\/showup\/wp-json\/wp\/v2\/tags?post=37840"}],"curies":[{"name":"wp","href":"https:\/\/api.w.org\/{rel}","templated":true}]}}