{"id":37791,"date":"2015-03-24T17:17:28","date_gmt":"2015-03-24T20:17:28","guid":{"rendered":"http:\/\/cordobatimes.com\/showup\/?p=37791"},"modified":"2020-02-17T21:30:22","modified_gmt":"2020-02-18T00:30:22","slug":"angelina-jolie-decidio-extirparse-los-ovarios-para-evitar-posible-cancer","status":"publish","type":"post","link":"https:\/\/www.cordobatimes.com\/showup\/famosos\/2015\/03\/24\/angelina-jolie-decidio-extirparse-los-ovarios-para-evitar-posible-cancer\/","title":{"rendered":"Angelina Jolie decidi\u00f3 extirparse los ovarios para evitar posible c\u00e1ncer"},"content":{"rendered":"<h3 style=\"text-align: justify;\"><strong>La reconocida actriz de Hollywood se someti\u00f3 a una operaci\u00f3n para sacarse \u00a0los ovarios y de esta forma tener m\u00e1s control ante la enfermedad que padeci\u00f3 su madre, t\u00eda y abuela.<\/strong><\/h3>\n<p style=\"text-align: justify;\">\u00abHace dos a\u00f1os escrib\u00ed sobre mi decisi\u00f3n de tener una doble mastectom\u00eda preventiva. Un simple an\u00e1lisis de sangre revel\u00f3 que llevaba una mutaci\u00f3n en el gen BRCA1. Me dio un estimado de 87% de riesgo de c\u00e1ncer de mama y un riesgo del 50% de tener c\u00e1ncer de ovario. Yo perd\u00ed a mi madre, a mi abuela y a mi t\u00eda de c\u00e1ncer\u00bb, hab\u00eda detallado la esposa de Brad Pitt en The New York Times.<\/p>\n<p style=\"text-align: justify;\">Recordemos \u00a0que Angelina ya se someti\u00f3 hace dos a\u00f1os a una doble mastectom\u00eda -la extirpaci\u00f3n de ambos senos para evitar el c\u00e1ncer de mama-, y ahora se someti\u00f3 a otra intervenci\u00f3n quir\u00fargica que tiene como resultado la \u00abmenopausia forzada\u00bb al retirar estos \u00f3rganos.<\/p>\n<p style=\"text-align: justify;\">\u00abIndependientemente de los reemplazos hormonales que estoy tomando, tengo la menopausia. No podr\u00e9 tener m\u00e1s ni\u00f1os y espero algunos cambios f\u00edsicos. Pero estoy tranquila con lo que llegue; no porque sea fuerte, sino porque es parte de la vida. No es algo a lo que temer\u00bb, completaba.<\/p>\n<p>&nbsp;<\/p>\n","protected":false},"excerpt":{"rendered":"<p>La reconocida actriz de Hollywood se someti\u00f3 a una operaci\u00f3n para sacarse \u00a0los ovarios y de esta forma tener m\u00e1s control ante la enfermedad que padeci\u00f3 su madre, t\u00eda y abuela. \u00abHace dos a\u00f1os escrib\u00ed sobre mi decisi\u00f3n de tener una doble mastectom\u00eda preventiva. Un simple an\u00e1lisis de sangre revel\u00f3 que llevaba una mutaci\u00f3n en [&hellip;]<\/p>\n","protected":false},"author":9,"featured_media":37802,"comment_status":"closed","ping_status":"closed","sticky":false,"template":"","format":"standard","meta":{"_seopress_robots_primary_cat":"","_seopress_titles_title":"","_seopress_titles_desc":"","_seopress_robots_index":"","footnotes":""},"categories":[4],"tags":[27217,29798,29797],"class_list":{"0":"post-37791","1":"post","2":"type-post","3":"status-publish","4":"format-standard","5":"has-post-thumbnail","7":"category-famosos","8":"tag-angelina-jolie-cancer-de-mama","9":"tag-angelina-jolie-cancer-de-ovario","10":"tag-angelina-jolie-decidio-extirparse-los-ovarios"},"_links":{"self":[{"href":"https:\/\/www.cordobatimes.com\/showup\/wp-json\/wp\/v2\/posts\/37791","targetHints":{"allow":["GET"]}}],"collection":[{"href":"https:\/\/www.cordobatimes.com\/showup\/wp-json\/wp\/v2\/posts"}],"about":[{"href":"https:\/\/www.cordobatimes.com\/showup\/wp-json\/wp\/v2\/types\/post"}],"author":[{"embeddable":true,"href":"https:\/\/www.cordobatimes.com\/showup\/wp-json\/wp\/v2\/users\/9"}],"replies":[{"embeddable":true,"href":"https:\/\/www.cordobatimes.com\/showup\/wp-json\/wp\/v2\/comments?post=37791"}],"version-history":[{"count":0,"href":"https:\/\/www.cordobatimes.com\/showup\/wp-json\/wp\/v2\/posts\/37791\/revisions"}],"wp:featuredmedia":[{"embeddable":true,"href":"https:\/\/www.cordobatimes.com\/showup\/wp-json\/wp\/v2\/media\/37802"}],"wp:attachment":[{"href":"https:\/\/www.cordobatimes.com\/showup\/wp-json\/wp\/v2\/media?parent=37791"}],"wp:term":[{"taxonomy":"category","embeddable":true,"href":"https:\/\/www.cordobatimes.com\/showup\/wp-json\/wp\/v2\/categories?post=37791"},{"taxonomy":"post_tag","embeddable":true,"href":"https:\/\/www.cordobatimes.com\/showup\/wp-json\/wp\/v2\/tags?post=37791"}],"curies":[{"name":"wp","href":"https:\/\/api.w.org\/{rel}","templated":true}]}}