{"id":37789,"date":"2015-03-24T17:08:19","date_gmt":"2015-03-24T20:08:19","guid":{"rendered":"http:\/\/cordobatimes.com\/showup\/?p=37789"},"modified":"2020-02-17T21:31:59","modified_gmt":"2020-02-18T00:31:59","slug":"mirtha-legrand-en-game-of-thrones","status":"publish","type":"post","link":"https:\/\/www.cordobatimes.com\/showup\/tv\/2015\/03\/24\/mirtha-legrand-en-game-of-thrones\/","title":{"rendered":"\u00bfMirtha Legrand en \u00abGame of Thrones\u00bb?"},"content":{"rendered":"<h3 style=\"text-align: justify;\"><strong>La querida diva de los almuerzos pos\u00f3 para una\u00a0\u00a0producci\u00f3n de una revista de cable y se mostr\u00f3 nada m\u00e1s ni nada menos como \u00abla reina de la televisi\u00f3n argentina\u00bb.<\/strong><\/h3>\n<p style=\"text-align: justify;\">Es as\u00ed que encarn\u00f3 el papel de una de las integrantes de la serie \u00abGame of Thrones\u00bb, que en abril inicia su m\u00e1s que esperada quinta temporada.<\/p>\n<p style=\"text-align: justify;\">Seg\u00fan publicaron varios portales de noticias, Mirtha acept\u00f3 ser parte de la tapa de la publicaci\u00f3n del mes de abril y brind\u00f3 una extensa entrevista sobre su vuelta a la TV por El Trece hacia este fin de mes de marzo, con sus habituales programas de s\u00e1bado y domingo; de su familia y claro, de la tele.<\/p>\n<p style=\"text-align: justify;\">Recordemos que la serie se centra en sangrientas y violentas luchas din\u00e1sticas entre varias familias nobles por el control del Trono de Hierro del continente de Poniente.<\/p>\n<blockquote class=\"twitter-tweet\" data-lang=\"es\">\n<p dir=\"ltr\" lang=\"en\">Ver para creer: Mirtha Legrand en Game of Thrones <a href=\"http:\/\/t.co\/XtS7fk1N9d\">http:\/\/t.co\/XtS7fk1N9d<\/a> <a href=\"http:\/\/t.co\/IBqaW3Ia6s\">pic.twitter.com\/IBqaW3Ia6s<\/a><\/p>\n<p>\u2014 Tom\u00e1s Balmaceda (@capitanintriga) <a href=\"https:\/\/twitter.com\/capitanintriga\/status\/580026610503589888?ref_src=twsrc%5Etfw\">23 de marzo de 2015<\/a><\/p><\/blockquote>\n<p><script async src=\"https:\/\/platform.twitter.com\/widgets.js\" charset=\"utf-8\"><\/script><\/p>\n","protected":false},"excerpt":{"rendered":"<p>La querida diva de los almuerzos pos\u00f3 para una\u00a0\u00a0producci\u00f3n de una revista de cable y se mostr\u00f3 nada m\u00e1s ni nada menos como \u00abla reina de la televisi\u00f3n argentina\u00bb. Es as\u00ed que encarn\u00f3 el papel de una de las integrantes de la serie \u00abGame of Thrones\u00bb, que en abril inicia su m\u00e1s que esperada quinta [&hellip;]<\/p>\n","protected":false},"author":9,"featured_media":37799,"comment_status":"closed","ping_status":"closed","sticky":false,"template":"","format":"standard","meta":{"_seopress_robots_primary_cat":"","_seopress_titles_title":"","_seopress_titles_desc":"","_seopress_robots_index":"","footnotes":""},"categories":[2],"tags":[29799],"class_list":{"0":"post-37789","1":"post","2":"type-post","3":"status-publish","4":"format-standard","5":"has-post-thumbnail","7":"category-tv","8":"tag-mirtha-legrand-en-game-of-thrones"},"_links":{"self":[{"href":"https:\/\/www.cordobatimes.com\/showup\/wp-json\/wp\/v2\/posts\/37789","targetHints":{"allow":["GET"]}}],"collection":[{"href":"https:\/\/www.cordobatimes.com\/showup\/wp-json\/wp\/v2\/posts"}],"about":[{"href":"https:\/\/www.cordobatimes.com\/showup\/wp-json\/wp\/v2\/types\/post"}],"author":[{"embeddable":true,"href":"https:\/\/www.cordobatimes.com\/showup\/wp-json\/wp\/v2\/users\/9"}],"replies":[{"embeddable":true,"href":"https:\/\/www.cordobatimes.com\/showup\/wp-json\/wp\/v2\/comments?post=37789"}],"version-history":[{"count":0,"href":"https:\/\/www.cordobatimes.com\/showup\/wp-json\/wp\/v2\/posts\/37789\/revisions"}],"wp:featuredmedia":[{"embeddable":true,"href":"https:\/\/www.cordobatimes.com\/showup\/wp-json\/wp\/v2\/media\/37799"}],"wp:attachment":[{"href":"https:\/\/www.cordobatimes.com\/showup\/wp-json\/wp\/v2\/media?parent=37789"}],"wp:term":[{"taxonomy":"category","embeddable":true,"href":"https:\/\/www.cordobatimes.com\/showup\/wp-json\/wp\/v2\/categories?post=37789"},{"taxonomy":"post_tag","embeddable":true,"href":"https:\/\/www.cordobatimes.com\/showup\/wp-json\/wp\/v2\/tags?post=37789"}],"curies":[{"name":"wp","href":"https:\/\/api.w.org\/{rel}","templated":true}]}}