{"id":37786,"date":"2015-03-24T16:11:42","date_gmt":"2015-03-24T19:11:42","guid":{"rendered":"http:\/\/cordobatimes.com\/showup\/?p=37786"},"modified":"2020-02-17T21:36:20","modified_gmt":"2020-02-18T00:36:20","slug":"jorge-rojas-junto-a-la-princesita-sorprendieron-en-el-teatro-colon-video","status":"publish","type":"post","link":"https:\/\/www.cordobatimes.com\/showup\/musica\/2015\/03\/24\/jorge-rojas-junto-a-la-princesita-sorprendieron-en-el-teatro-colon-video\/","title":{"rendered":"Jorge Rojas junto a la Princesita sorprendieron en el Teatro Col\u00f3n (Video)"},"content":{"rendered":"<h3 style=\"text-align: justify;\"><strong>Karina y el ex Nochero realizaron una incre\u00edble presentaci\u00f3n juntos donde cantaron \u00a0\u201cYo vengo a ofrecer mi coraz\u00f3n\u201d.<\/strong><\/h3>\n<p style=\"text-align: justify;\">La novia del Kun Ag\u00fcero se present\u00f3 en el m\u00e1ximo coliseo argentino en el marco de Duetos, un evento que present\u00f3 a diversos artistas populares con versiones sinf\u00f3nicas de canciones del m\u00e1s amplio repertorio.<\/p>\n<p style=\"text-align: justify;\">Sobre el escenario del Col\u00f3n, adem\u00e1s de Karina y el ex Nochero, pasaron David Leb\u00f3n, Sandra Mihanovich, Alejandro Lerner, Patricia Sosa, Juan Carlos Baglietto, Ra\u00fal Lavi\u00e9 y el Chaque\u00f1o Palavecino, entre otros.<\/p>\n<p style=\"text-align: justify;\">No te pierdas el emocionante video.<\/p>\n<p><iframe loading=\"lazy\" src=\"https:\/\/www.youtube.com\/embed\/qVZM72oR0Hk\" width=\"560\" height=\"315\" frameborder=\"0\" allowfullscreen=\"allowfullscreen\"><\/iframe><\/p>\n","protected":false},"excerpt":{"rendered":"<p>Karina y el ex Nochero realizaron una incre\u00edble presentaci\u00f3n juntos donde cantaron \u00a0\u201cYo vengo a ofrecer mi coraz\u00f3n\u201d. La novia del Kun Ag\u00fcero se present\u00f3 en el m\u00e1ximo coliseo argentino en el marco de Duetos, un evento que present\u00f3 a diversos artistas populares con versiones sinf\u00f3nicas de canciones del m\u00e1s amplio repertorio. Sobre el escenario [&hellip;]<\/p>\n","protected":false},"author":9,"featured_media":37787,"comment_status":"closed","ping_status":"closed","sticky":false,"template":"","format":"standard","meta":{"_seopress_robots_primary_cat":"","_seopress_titles_title":"","_seopress_titles_desc":"","_seopress_robots_index":"","footnotes":""},"categories":[5],"tags":[29800],"class_list":{"0":"post-37786","1":"post","2":"type-post","3":"status-publish","4":"format-standard","5":"has-post-thumbnail","7":"category-musica","8":"tag-jorge-rojas-y-la-princesita-karina-en-el-teatro-colon"},"_links":{"self":[{"href":"https:\/\/www.cordobatimes.com\/showup\/wp-json\/wp\/v2\/posts\/37786","targetHints":{"allow":["GET"]}}],"collection":[{"href":"https:\/\/www.cordobatimes.com\/showup\/wp-json\/wp\/v2\/posts"}],"about":[{"href":"https:\/\/www.cordobatimes.com\/showup\/wp-json\/wp\/v2\/types\/post"}],"author":[{"embeddable":true,"href":"https:\/\/www.cordobatimes.com\/showup\/wp-json\/wp\/v2\/users\/9"}],"replies":[{"embeddable":true,"href":"https:\/\/www.cordobatimes.com\/showup\/wp-json\/wp\/v2\/comments?post=37786"}],"version-history":[{"count":0,"href":"https:\/\/www.cordobatimes.com\/showup\/wp-json\/wp\/v2\/posts\/37786\/revisions"}],"wp:featuredmedia":[{"embeddable":true,"href":"https:\/\/www.cordobatimes.com\/showup\/wp-json\/wp\/v2\/media\/37787"}],"wp:attachment":[{"href":"https:\/\/www.cordobatimes.com\/showup\/wp-json\/wp\/v2\/media?parent=37786"}],"wp:term":[{"taxonomy":"category","embeddable":true,"href":"https:\/\/www.cordobatimes.com\/showup\/wp-json\/wp\/v2\/categories?post=37786"},{"taxonomy":"post_tag","embeddable":true,"href":"https:\/\/www.cordobatimes.com\/showup\/wp-json\/wp\/v2\/tags?post=37786"}],"curies":[{"name":"wp","href":"https:\/\/api.w.org\/{rel}","templated":true}]}}