{"id":37675,"date":"2015-03-20T12:56:03","date_gmt":"2015-03-20T15:56:03","guid":{"rendered":"http:\/\/cordobatimes.com\/showup\/?p=37675"},"modified":"2020-02-18T08:44:12","modified_gmt":"2020-02-18T11:44:12","slug":"al-fin-karina-jelinek-esta-formalmente-divorciada","status":"publish","type":"post","link":"https:\/\/www.cordobatimes.com\/showup\/famosos\/2015\/03\/20\/al-fin-karina-jelinek-esta-formalmente-divorciada\/","title":{"rendered":"\u00a1Al fin! Karina Jelinek est\u00e1 formalmente divorciada"},"content":{"rendered":"<h3 style=\"text-align: justify;\"><strong>Fue la jueza Adriana Wagmaister la que decret\u00f3 el divorcio vincular \u201cde mutuo acuerdo\u201d entre el financista y la modelo. S\u00f3lo quedar\u00eda en disputa el campo de Mendoza, en cuya compra se vincul\u00f3 al empresario kirchnerista L\u00e1zaro B\u00e1ez.<\/strong><\/h3>\n<p style=\"text-align: justify;\">Si bien la sentencia no avanza sobre la divisi\u00f3n de bienes, los abogados de Jelinek, Carlos Froment y Carlos S\u00e1nchez Herrera, adelantaron que reclamar\u00e1n por el campo en Mendoza supuestamente comprado en \u201ccomisi\u00f3n\u201d por Fari\u00f1a.<\/p>\n<p style=\"text-align: justify;\">Ese campo es el que aparece sospechado como objeto de una operaci\u00f3n oscura del empresario kirchnerista L\u00e1zaro B\u00e1ez, aunque el propio Fari\u00f1a en una declaraci\u00f3n reciente dijo que lo hab\u00eda adquirido para el empresario Carlos Molinari.<\/p>\n<p style=\"text-align: justify;\">El reclamo por el campo incluir\u00e1, seg\u00fan los abogados de Jelinek, una \u201cacci\u00f3n penal de responsabilidad\u201d contra el escribano que certific\u00f3 esa operaci\u00f3n, porque Fari\u00f1a enajen\u00f3 el campo del que figuraba como due\u00f1o estando casado y sin la firma de su esposa.<\/p>\n<p style=\"text-align: justify;\">Esa discusi\u00f3n sobre los bienes forma parte de un tr\u00e1mite complementario a la sentencia de divorcio, que ya fue notificada a Jelinek y a Fari\u00f1a, quien est\u00e1 detenido en una causa por lavado de dinero justamente vinculada con ese campo.<\/p>\n<p style=\"text-align: justify;\">Informaci\u00f3n: DYN<\/p>\n","protected":false},"excerpt":{"rendered":"<p>Fue la jueza Adriana Wagmaister la que decret\u00f3 el divorcio vincular \u201cde mutuo acuerdo\u201d entre el financista y la modelo. S\u00f3lo quedar\u00eda en disputa el campo de Mendoza, en cuya compra se vincul\u00f3 al empresario kirchnerista L\u00e1zaro B\u00e1ez. Si bien la sentencia no avanza sobre la divisi\u00f3n de bienes, los abogados de Jelinek, Carlos Froment [&hellip;]<\/p>\n","protected":false},"author":9,"featured_media":37681,"comment_status":"closed","ping_status":"closed","sticky":false,"template":"","format":"standard","meta":{"_seopress_robots_primary_cat":"","_seopress_titles_title":"","_seopress_titles_desc":"","_seopress_robots_index":"","footnotes":""},"categories":[4],"tags":[29802,29801],"class_list":{"0":"post-37675","1":"post","2":"type-post","3":"status-publish","4":"format-standard","5":"has-post-thumbnail","7":"category-famosos","8":"tag-divorcio-de-karina-jelinek-y-leonardo-farina","9":"tag-karina-jelinek-y-leonardo-farina"},"_links":{"self":[{"href":"https:\/\/www.cordobatimes.com\/showup\/wp-json\/wp\/v2\/posts\/37675","targetHints":{"allow":["GET"]}}],"collection":[{"href":"https:\/\/www.cordobatimes.com\/showup\/wp-json\/wp\/v2\/posts"}],"about":[{"href":"https:\/\/www.cordobatimes.com\/showup\/wp-json\/wp\/v2\/types\/post"}],"author":[{"embeddable":true,"href":"https:\/\/www.cordobatimes.com\/showup\/wp-json\/wp\/v2\/users\/9"}],"replies":[{"embeddable":true,"href":"https:\/\/www.cordobatimes.com\/showup\/wp-json\/wp\/v2\/comments?post=37675"}],"version-history":[{"count":0,"href":"https:\/\/www.cordobatimes.com\/showup\/wp-json\/wp\/v2\/posts\/37675\/revisions"}],"wp:featuredmedia":[{"embeddable":true,"href":"https:\/\/www.cordobatimes.com\/showup\/wp-json\/wp\/v2\/media\/37681"}],"wp:attachment":[{"href":"https:\/\/www.cordobatimes.com\/showup\/wp-json\/wp\/v2\/media?parent=37675"}],"wp:term":[{"taxonomy":"category","embeddable":true,"href":"https:\/\/www.cordobatimes.com\/showup\/wp-json\/wp\/v2\/categories?post=37675"},{"taxonomy":"post_tag","embeddable":true,"href":"https:\/\/www.cordobatimes.com\/showup\/wp-json\/wp\/v2\/tags?post=37675"}],"curies":[{"name":"wp","href":"https:\/\/api.w.org\/{rel}","templated":true}]}}