{"id":37627,"date":"2015-03-19T14:37:51","date_gmt":"2015-03-19T17:37:51","guid":{"rendered":"http:\/\/cordobatimes.com\/showup\/?p=37627"},"modified":"2020-02-18T09:27:27","modified_gmt":"2020-02-18T12:27:27","slug":"celeste-cid-cambio-su-look-para-una-llamativa-pelicula","status":"publish","type":"post","link":"https:\/\/www.cordobatimes.com\/showup\/cine-y-series\/2015\/03\/19\/celeste-cid-cambio-su-look-para-una-llamativa-pelicula\/","title":{"rendered":"Celeste Cid cambi\u00f3 su look para una llamativa pel\u00edcula"},"content":{"rendered":"<h3 style=\"text-align: justify;\"><strong>La reconocida y querida actriz sorprendi\u00f3 a todos sus seguidores en las redes sociales cuando public\u00f3 una imagen con el cabello de otro color.<\/strong><\/h3>\n<p style=\"text-align: justify;\">Se trata \u00abLa Parte ausente\u00bb, un film de ciencia ficci\u00f3n, por lo que debi\u00f3 te\u00f1ir su pelo de color rosa pastel y cambiar absolutamente su apariencia.<\/p>\n<p style=\"text-align: justify;\">\u00abEn un mundo post apocal\u00edptico, Chockler (Alberto Ajaka) lleva adelante la misi\u00f3n de encontrar a un misterioso hombre llamado V\u00edctor (Guillermo Pfening), vivo o muerto. Una de las razones por las que acepta el desaf\u00edo es su atracci\u00f3n por Lucrecia (Celeste Cid), la hermosa y enigm\u00e1tica chica que lo contrat\u00f3. El trabajo encomendado desde un principio tiene puntos oscuros: las descripciones, las motivaciones y las pistas resultan confusas.\u00bb<\/p>\n<p style=\"text-align: justify;\">\u00bfTe gusta la trama?<\/p>\n<p>&nbsp;<\/p>\n<blockquote class=\"twitter-tweet\" data-lang=\"es\">\n<p dir=\"ltr\" lang=\"es\">Mir\u00e1 las fotos y el trailer de La parte ausente, thriller de ciencia ficci\u00f3n con Celeste Cid. <a href=\"http:\/\/t.co\/aW7JxVPncw\">http:\/\/t.co\/aW7JxVPncw<\/a> <a href=\"http:\/\/t.co\/mf6aHDE8S9\">pic.twitter.com\/mf6aHDE8S9<\/a><\/p>\n<p>\u2014 cinenacional.com (@cinenacional) <a href=\"https:\/\/twitter.com\/cinenacional\/status\/577584691353640960?ref_src=twsrc%5Etfw\">16 de marzo de 2015<\/a><\/p><\/blockquote>\n<p><script async src=\"https:\/\/platform.twitter.com\/widgets.js\" charset=\"utf-8\"><\/script><\/p>\n","protected":false},"excerpt":{"rendered":"<p>La reconocida y querida actriz sorprendi\u00f3 a todos sus seguidores en las redes sociales cuando public\u00f3 una imagen con el cabello de otro color. Se trata \u00abLa Parte ausente\u00bb, un film de ciencia ficci\u00f3n, por lo que debi\u00f3 te\u00f1ir su pelo de color rosa pastel y cambiar absolutamente su apariencia. \u00abEn un mundo post apocal\u00edptico, [&hellip;]<\/p>\n","protected":false},"author":9,"featured_media":37651,"comment_status":"closed","ping_status":"closed","sticky":false,"template":"","format":"standard","meta":{"_seopress_robots_primary_cat":"","_seopress_titles_title":"","_seopress_titles_desc":"","_seopress_robots_index":"","footnotes":""},"categories":[3],"tags":[29808,29807],"class_list":{"0":"post-37627","1":"post","2":"type-post","3":"status-publish","4":"format-standard","5":"has-post-thumbnail","7":"category-cine-y-series","8":"tag-celeste-cid-la-parte-ausente","9":"tag-looks-de-celeste-cid"},"_links":{"self":[{"href":"https:\/\/www.cordobatimes.com\/showup\/wp-json\/wp\/v2\/posts\/37627","targetHints":{"allow":["GET"]}}],"collection":[{"href":"https:\/\/www.cordobatimes.com\/showup\/wp-json\/wp\/v2\/posts"}],"about":[{"href":"https:\/\/www.cordobatimes.com\/showup\/wp-json\/wp\/v2\/types\/post"}],"author":[{"embeddable":true,"href":"https:\/\/www.cordobatimes.com\/showup\/wp-json\/wp\/v2\/users\/9"}],"replies":[{"embeddable":true,"href":"https:\/\/www.cordobatimes.com\/showup\/wp-json\/wp\/v2\/comments?post=37627"}],"version-history":[{"count":0,"href":"https:\/\/www.cordobatimes.com\/showup\/wp-json\/wp\/v2\/posts\/37627\/revisions"}],"wp:featuredmedia":[{"embeddable":true,"href":"https:\/\/www.cordobatimes.com\/showup\/wp-json\/wp\/v2\/media\/37651"}],"wp:attachment":[{"href":"https:\/\/www.cordobatimes.com\/showup\/wp-json\/wp\/v2\/media?parent=37627"}],"wp:term":[{"taxonomy":"category","embeddable":true,"href":"https:\/\/www.cordobatimes.com\/showup\/wp-json\/wp\/v2\/categories?post=37627"},{"taxonomy":"post_tag","embeddable":true,"href":"https:\/\/www.cordobatimes.com\/showup\/wp-json\/wp\/v2\/tags?post=37627"}],"curies":[{"name":"wp","href":"https:\/\/api.w.org\/{rel}","templated":true}]}}