{"id":37589,"date":"2015-03-18T11:26:02","date_gmt":"2015-03-18T14:26:02","guid":{"rendered":"http:\/\/cordobatimes.com\/showup\/?p=37589"},"modified":"2020-02-18T09:55:03","modified_gmt":"2020-02-18T12:55:03","slug":"jimena-baron-vuelve-a-la-ficcion","status":"publish","type":"post","link":"https:\/\/www.cordobatimes.com\/showup\/tv\/2015\/03\/18\/jimena-baron-vuelve-a-la-ficcion\/","title":{"rendered":"Jimena Baron vuelve a la ficci\u00f3n"},"content":{"rendered":"<h3 style=\"text-align: justify;\"><strong>Luego de la propuesta para estar en el \u00abBailando\u00bb y la negativa del futbolista Daniel Osvaldo a que participe, finalmente la actriz acept\u00f3 para hacer tele.<\/strong><\/h3>\n<p style=\"text-align: justify;\">Baron tendr\u00e1 una participaci\u00f3n en \u00abEsperanza M\u00eda\u00bb, la nueva novela de El Trece que protagonizan Lali Esp\u00f3sito y Mariano Mart\u00ednez. Jimena ser\u00e1 Gilda, una prima divertida y provocadora del personaje de la estrella teen.<\/p>\n<p style=\"text-align: justify;\">Seg\u00fan aseguraron, la actriz tendr\u00e1 escenas de amor con un amigo del Padre Tom\u00e1s (Mariano Mart\u00ednez). Tambi\u00e9n habr\u00e1 escenas de canto, \u00a1todo un espect\u00e1culo musical!<\/p>\n<p style=\"text-align: justify;\">Recordemos que Bar\u00f3n hab\u00eda sido tentada para estar en el Bailando 2015 (ya hab\u00eda participado en el certamen en 2011), pero no acept\u00f3 por la negativa de su novio. \u00ab\u00c9l no quiere en absoluto, es re celoso\u00bb, dijo ella a la revista PRONTO.<\/p>\n","protected":false},"excerpt":{"rendered":"<p>Luego de la propuesta para estar en el \u00abBailando\u00bb y la negativa del futbolista Daniel Osvaldo a que participe, finalmente la actriz acept\u00f3 para hacer tele. Baron tendr\u00e1 una participaci\u00f3n en \u00abEsperanza M\u00eda\u00bb, la nueva novela de El Trece que protagonizan Lali Esp\u00f3sito y Mariano Mart\u00ednez. Jimena ser\u00e1 Gilda, una prima divertida y provocadora del [&hellip;]<\/p>\n","protected":false},"author":9,"featured_media":37591,"comment_status":"closed","ping_status":"closed","sticky":false,"template":"","format":"standard","meta":{"_seopress_robots_primary_cat":"","_seopress_titles_title":"","_seopress_titles_desc":"","_seopress_robots_index":"","footnotes":""},"categories":[2],"tags":[29812],"class_list":{"0":"post-37589","1":"post","2":"type-post","3":"status-publish","4":"format-standard","5":"has-post-thumbnail","7":"category-tv","8":"tag-jimena-baron-en-esperanza-mia"},"_links":{"self":[{"href":"https:\/\/www.cordobatimes.com\/showup\/wp-json\/wp\/v2\/posts\/37589","targetHints":{"allow":["GET"]}}],"collection":[{"href":"https:\/\/www.cordobatimes.com\/showup\/wp-json\/wp\/v2\/posts"}],"about":[{"href":"https:\/\/www.cordobatimes.com\/showup\/wp-json\/wp\/v2\/types\/post"}],"author":[{"embeddable":true,"href":"https:\/\/www.cordobatimes.com\/showup\/wp-json\/wp\/v2\/users\/9"}],"replies":[{"embeddable":true,"href":"https:\/\/www.cordobatimes.com\/showup\/wp-json\/wp\/v2\/comments?post=37589"}],"version-history":[{"count":0,"href":"https:\/\/www.cordobatimes.com\/showup\/wp-json\/wp\/v2\/posts\/37589\/revisions"}],"wp:featuredmedia":[{"embeddable":true,"href":"https:\/\/www.cordobatimes.com\/showup\/wp-json\/wp\/v2\/media\/37591"}],"wp:attachment":[{"href":"https:\/\/www.cordobatimes.com\/showup\/wp-json\/wp\/v2\/media?parent=37589"}],"wp:term":[{"taxonomy":"category","embeddable":true,"href":"https:\/\/www.cordobatimes.com\/showup\/wp-json\/wp\/v2\/categories?post=37589"},{"taxonomy":"post_tag","embeddable":true,"href":"https:\/\/www.cordobatimes.com\/showup\/wp-json\/wp\/v2\/tags?post=37589"}],"curies":[{"name":"wp","href":"https:\/\/api.w.org\/{rel}","templated":true}]}}