{"id":37518,"date":"2015-03-17T09:00:58","date_gmt":"2015-03-17T12:00:58","guid":{"rendered":"http:\/\/cordobatimes.com\/showup\/?p=37518"},"modified":"2020-02-18T10:22:22","modified_gmt":"2020-02-18T13:22:22","slug":"pablo-alboran-llego-a-la-argentina-con-su-gira-terral","status":"publish","type":"post","link":"https:\/\/www.cordobatimes.com\/showup\/agenda\/2015\/03\/17\/pablo-alboran-llego-a-la-argentina-con-su-gira-terral\/","title":{"rendered":"Pablo Albor\u00e1n lleg\u00f3 a la Argentina con su gira \u00abTerral\u00bb"},"content":{"rendered":"<h3 style=\"text-align: justify;\"><strong>El cantante malague\u00f1o vuelve a nuestro pa\u00eds en el marco de su Tour por Am\u00e9rica Latina. El pr\u00f3ximo viernes estar\u00e1 presentando los temas de su m\u00e1s reciente \u00e1lbum en Quality Espacio.<\/strong><\/h3>\n<p style=\"text-align: justify;\">El joven compositor Pablo Albor\u00e1n arrib\u00f3, en la tarde del lunes, al\u00a0Aeropuerto Internacional Gobernador Francisco Gabrielli de la ciudad de Mendoza, sorprendido por el c\u00e1lido recibimiento hecho por varias de sus fans que aguardaban su llegada con gran entusiasmo.<\/p>\n<p style=\"text-align: justify;\">El m\u00fasico espa\u00f1ol, que viaj\u00f3 desde Vi\u00f1a del Mar, para presentarse en el Auditorio Angel Bustelo, y brindar un show que promet\u00eda muchos cambios en la puesta en escena a lo acostumbrado por el artista.<\/p>\n<p style=\"text-align: justify;\">El d\u00eda 20, le tocar\u00e1 el turno a la Ciudad de C\u00f3rdoba.\u00a0Albor\u00e1n intentar\u00e1 lucirse por tercera vez en la \u00abDocta\u00bb con las canciones de \u00abTerral\u00bb, su m\u00e1s reciente material de estudio.<\/p>\n<p style=\"text-align: justify;\">\u00abVoy muy ilusionado y con ganas de que la gente disfrute. Argentina me ha dado mucho amor en la distancia y en las ocasiones que he estado de promoci\u00f3n, ya es hora de devolverles todo el cari\u00f1o en forma de show\u00bb, confes\u00f3 recientemente a un conocido medio digital.<\/p>\n<p style=\"text-align: justify;\">Adem\u00e1s se espera que interprete algunos de sus cl\u00e1sicos como \u00abDonde esta el amor\u00bb, \u00abTanto\u00bb y \u00abSolamente t\u00fa\u00bb, canci\u00f3n que lo catapult\u00f3 a la fama.<\/p>\n<p style=\"text-align: justify;\">El lanzamiento de \u00abTerral\u00bb fue muy bien recibido por la audiencia de todo el mundo, y lo consolid\u00f3 en primer lugar en ventas en su pa\u00eds natal. Sus cortes \u00abPor fin\u00bb y \u00abPasos de Cero\u00bb contin\u00faan en excelente posici\u00f3n en el ranking local.<\/p>\n<p style=\"text-align: justify;\">Las entradas a\u00fan se encuentran a la venta por el portal de Ticketek, como as\u00ed tambi\u00e9n en las boleteros de Quality. Los precios van desde $300 a $850.<\/p>\n<p>&nbsp;<\/p>\n","protected":false},"excerpt":{"rendered":"<p>El cantante malague\u00f1o vuelve a nuestro pa\u00eds en el marco de su Tour por Am\u00e9rica Latina. El pr\u00f3ximo viernes estar\u00e1 presentando los temas de su m\u00e1s reciente \u00e1lbum en Quality Espacio. El joven compositor Pablo Albor\u00e1n arrib\u00f3, en la tarde del lunes, al\u00a0Aeropuerto Internacional Gobernador Francisco Gabrielli de la ciudad de Mendoza, sorprendido por el [&hellip;]<\/p>\n","protected":false},"author":8,"featured_media":37519,"comment_status":"closed","ping_status":"closed","sticky":false,"template":"","format":"standard","meta":{"_seopress_robots_primary_cat":"","_seopress_titles_title":"","_seopress_titles_desc":"","_seopress_robots_index":"","footnotes":""},"categories":[6],"tags":[10444,25602,12544],"class_list":{"0":"post-37518","1":"post","2":"type-post","3":"status-publish","4":"format-standard","5":"has-post-thumbnail","7":"category-agenda","8":"tag-nuevo-disco-de-pablo-alboran","9":"tag-pablo-alboran-en-argentina","10":"tag-pablo-alboran-en-cordoba"},"_links":{"self":[{"href":"https:\/\/www.cordobatimes.com\/showup\/wp-json\/wp\/v2\/posts\/37518","targetHints":{"allow":["GET"]}}],"collection":[{"href":"https:\/\/www.cordobatimes.com\/showup\/wp-json\/wp\/v2\/posts"}],"about":[{"href":"https:\/\/www.cordobatimes.com\/showup\/wp-json\/wp\/v2\/types\/post"}],"author":[{"embeddable":true,"href":"https:\/\/www.cordobatimes.com\/showup\/wp-json\/wp\/v2\/users\/8"}],"replies":[{"embeddable":true,"href":"https:\/\/www.cordobatimes.com\/showup\/wp-json\/wp\/v2\/comments?post=37518"}],"version-history":[{"count":0,"href":"https:\/\/www.cordobatimes.com\/showup\/wp-json\/wp\/v2\/posts\/37518\/revisions"}],"wp:featuredmedia":[{"embeddable":true,"href":"https:\/\/www.cordobatimes.com\/showup\/wp-json\/wp\/v2\/media\/37519"}],"wp:attachment":[{"href":"https:\/\/www.cordobatimes.com\/showup\/wp-json\/wp\/v2\/media?parent=37518"}],"wp:term":[{"taxonomy":"category","embeddable":true,"href":"https:\/\/www.cordobatimes.com\/showup\/wp-json\/wp\/v2\/categories?post=37518"},{"taxonomy":"post_tag","embeddable":true,"href":"https:\/\/www.cordobatimes.com\/showup\/wp-json\/wp\/v2\/tags?post=37518"}],"curies":[{"name":"wp","href":"https:\/\/api.w.org\/{rel}","templated":true}]}}