{"id":37473,"date":"2015-03-16T17:06:17","date_gmt":"2015-03-16T20:06:17","guid":{"rendered":"http:\/\/cordobatimes.com\/showup\/?p=37473"},"modified":"2020-02-18T19:25:42","modified_gmt":"2020-02-18T22:25:42","slug":"rihanna-tendra-documental-propio","status":"publish","type":"post","link":"https:\/\/www.cordobatimes.com\/showup\/cine-y-series\/2015\/03\/16\/rihanna-tendra-documental-propio\/","title":{"rendered":"Rihanna tendr\u00e1 documental propio"},"content":{"rendered":"<h3 style=\"text-align: justify;\"><strong>El reconocido cineasta Peter Berg ser\u00e1 el encargado de dirigir el film que promete mostrar \u00absin filtros\u00bb la vida de la cantante.\u00a0<\/strong><\/h3>\n<p style=\"text-align: justify;\">Este documental estar\u00e1 producido por Film 45, una productora creada por el propio Berg junto al productor Matthew Goldberg y que nace con la intenci\u00f3n de crear contenidos para cine, televisi\u00f3n y otras plataformas.<\/p>\n<p style=\"text-align: justify;\">Para repasar la vida de Rihanna, los productores se han fijado en el documental sobre Bob Dylan de 1967 Don&#8217;t Look Back. \u00abEse documental es fant\u00e1stico, una referencia para los documentales musicales, una inspiraci\u00f3n\u00bb, ha dicho Berg, seg\u00fan recoge Deadline.<\/p>\n<p style=\"text-align: justify;\">Adem\u00e1s, el cineasta adelanta que con Film 45 quieren producir contenidos de &#8216;cin\u00e9ma v\u00e9rit\u00e9&#8217;, por lo que se\u00f1ala que no estar\u00e1 \u00abmuy pulido\u00bb, pero ser\u00e1 \u00ab\u00edntimo\u00bb. \u00abSer\u00e1 mucho m\u00e1s un estudio sobre el personaje que una cinta musical\u00bb, a\u00f1ade.<\/p>\n<p style=\"text-align: justify;\">\n","protected":false},"excerpt":{"rendered":"<p>El reconocido cineasta Peter Berg ser\u00e1 el encargado de dirigir el film que promete mostrar \u00absin filtros\u00bb la vida de la cantante.\u00a0 Este documental estar\u00e1 producido por Film 45, una productora creada por el propio Berg junto al productor Matthew Goldberg y que nace con la intenci\u00f3n de crear contenidos para cine, televisi\u00f3n y otras [&hellip;]<\/p>\n","protected":false},"author":9,"featured_media":37512,"comment_status":"closed","ping_status":"closed","sticky":false,"template":"","format":"standard","meta":{"_seopress_robots_primary_cat":"","_seopress_titles_title":"","_seopress_titles_desc":"","_seopress_robots_index":"","footnotes":""},"categories":[3],"tags":[12529],"class_list":{"0":"post-37473","1":"post","2":"type-post","3":"status-publish","4":"format-standard","5":"has-post-thumbnail","7":"category-cine-y-series","8":"tag-documental-sobre-la-vida-de-rihanna"},"_links":{"self":[{"href":"https:\/\/www.cordobatimes.com\/showup\/wp-json\/wp\/v2\/posts\/37473","targetHints":{"allow":["GET"]}}],"collection":[{"href":"https:\/\/www.cordobatimes.com\/showup\/wp-json\/wp\/v2\/posts"}],"about":[{"href":"https:\/\/www.cordobatimes.com\/showup\/wp-json\/wp\/v2\/types\/post"}],"author":[{"embeddable":true,"href":"https:\/\/www.cordobatimes.com\/showup\/wp-json\/wp\/v2\/users\/9"}],"replies":[{"embeddable":true,"href":"https:\/\/www.cordobatimes.com\/showup\/wp-json\/wp\/v2\/comments?post=37473"}],"version-history":[{"count":0,"href":"https:\/\/www.cordobatimes.com\/showup\/wp-json\/wp\/v2\/posts\/37473\/revisions"}],"wp:featuredmedia":[{"embeddable":true,"href":"https:\/\/www.cordobatimes.com\/showup\/wp-json\/wp\/v2\/media\/37512"}],"wp:attachment":[{"href":"https:\/\/www.cordobatimes.com\/showup\/wp-json\/wp\/v2\/media?parent=37473"}],"wp:term":[{"taxonomy":"category","embeddable":true,"href":"https:\/\/www.cordobatimes.com\/showup\/wp-json\/wp\/v2\/categories?post=37473"},{"taxonomy":"post_tag","embeddable":true,"href":"https:\/\/www.cordobatimes.com\/showup\/wp-json\/wp\/v2\/tags?post=37473"}],"curies":[{"name":"wp","href":"https:\/\/api.w.org\/{rel}","templated":true}]}}