{"id":37437,"date":"2015-03-14T15:16:18","date_gmt":"2015-03-14T18:16:18","guid":{"rendered":"http:\/\/cordobatimes.com\/showup\/?p=37437"},"modified":"2020-02-18T19:39:19","modified_gmt":"2020-02-18T22:39:19","slug":"wisin-fue-nombrado-huesped-de-honor-de-la-ciudad-de-buenos-aires","status":"publish","type":"post","link":"https:\/\/www.cordobatimes.com\/showup\/famosos\/2015\/03\/14\/wisin-fue-nombrado-huesped-de-honor-de-la-ciudad-de-buenos-aires\/","title":{"rendered":"Wisin fue nombrado \u00abHu\u00e9sped de Honor de la ciudad de Buenos Aires\u00bb"},"content":{"rendered":"<h3 style=\"text-align: justify;\"><strong>El Vicepresidente de la Legislatura porte\u00f1a Cristian Ritondo, distingui\u00f3 ayer viernes al cantante puertorrique\u00f1o de reggeat\u00f3n, en el marco de su visita a la Argentina y antes de su show en el Luna Park.<\/strong><\/h3>\n<p style=\"text-align: justify;\">El autor de la Declaraci\u00f3n, expres\u00f3 \u00abcuando uno mira superficialmente a un m\u00fasico de talla internacional como lo es Wisin, a veces es imposible ver algunas cosas que lo hacen apreciar desde otro lugar; por ejemplo\u00bb.<\/p>\n<p style=\"text-align: justify;\">Agreg\u00f3 que Wisin \u00abes un artista impresionante que lleva su m\u00fasica al mundo y su alegr\u00eda a la gente. Destac\u00f3 su origen trabajador y c\u00f3mo gracias a la dedicaci\u00f3n y a su destreza fue haci\u00e9ndose un icono de superaci\u00f3n personal que lo ha colocado en la cima de la m\u00fasica mundial. Ser\u00eda bueno que muchos j\u00f3venes aprendan de su ejemplo. Estoy convencido de que se va a enamorar de esta ciudad cuando la conozca, como lo hacen aquellos artistas que nos visitan, porque la nuestra es la ciudad capital de la cultura de Iberoam\u00e9rica\u00bb.<\/p>\n<p style=\"text-align: justify;\">Al momento de ser distinguido, Wisin agradeci\u00f3 \u00abla enorme oportunidad que me dan\u00bb y \u00abel cari\u00f1o y respeto genuino de los argentinos\u00bb y agreg\u00f3 \u00abser artista, muchas veces no es f\u00e1cil, pero nuestra medicina siempre es el p\u00fablico, por su alegr\u00eda\u00bb.<\/p>\n<p style=\"text-align: justify;\">Tambi\u00e9n mencion\u00f3 que \u00abla pasi\u00f3n argentina es impresionante. Adem\u00e1s, qued\u00e9 emocionado con Buenos Aires, con su cultura, que lleva alegr\u00eda a todas las personas por igual\u00bb.<\/p>\n<p style=\"text-align: justify;\">Por \u00faltimo, Wisin asegur\u00f3 estar \u00abdisponible para cualquier causa ben\u00e9fica que requiera la ciudad\u00bb durante su estad\u00eda en Buenos Aires, porque \u00absomos todos latinos, somos una familia\u00bb.<\/p>\n<p style=\"text-align: justify;\">Esta noche el cantante puertorrique\u00f1o realizar\u00e1 un recital en el Estadio Luna Park en el marco de su gira\u00bb 360 Tour\u00bb producida por LatinMolGroup.<\/p>\n<p style=\"text-align: justify;\">Fuente: Diario Show<\/p>\n","protected":false},"excerpt":{"rendered":"<p>El Vicepresidente de la Legislatura porte\u00f1a Cristian Ritondo, distingui\u00f3 ayer viernes al cantante puertorrique\u00f1o de reggeat\u00f3n, en el marco de su visita a la Argentina y antes de su show en el Luna Park. El autor de la Declaraci\u00f3n, expres\u00f3 \u00abcuando uno mira superficialmente a un m\u00fasico de talla internacional como lo es Wisin, a [&hellip;]<\/p>\n","protected":false},"author":9,"featured_media":37450,"comment_status":"closed","ping_status":"closed","sticky":false,"template":"","format":"standard","meta":{"_seopress_robots_primary_cat":"","_seopress_titles_title":"","_seopress_titles_desc":"","_seopress_robots_index":"","footnotes":""},"categories":[4],"tags":[29819],"class_list":{"0":"post-37437","1":"post","2":"type-post","3":"status-publish","4":"format-standard","5":"has-post-thumbnail","7":"category-famosos","8":"tag-wisin-huesped-de-honor-de-la-ciudad-de-buenos-aires"},"_links":{"self":[{"href":"https:\/\/www.cordobatimes.com\/showup\/wp-json\/wp\/v2\/posts\/37437","targetHints":{"allow":["GET"]}}],"collection":[{"href":"https:\/\/www.cordobatimes.com\/showup\/wp-json\/wp\/v2\/posts"}],"about":[{"href":"https:\/\/www.cordobatimes.com\/showup\/wp-json\/wp\/v2\/types\/post"}],"author":[{"embeddable":true,"href":"https:\/\/www.cordobatimes.com\/showup\/wp-json\/wp\/v2\/users\/9"}],"replies":[{"embeddable":true,"href":"https:\/\/www.cordobatimes.com\/showup\/wp-json\/wp\/v2\/comments?post=37437"}],"version-history":[{"count":0,"href":"https:\/\/www.cordobatimes.com\/showup\/wp-json\/wp\/v2\/posts\/37437\/revisions"}],"wp:featuredmedia":[{"embeddable":true,"href":"https:\/\/www.cordobatimes.com\/showup\/wp-json\/wp\/v2\/media\/37450"}],"wp:attachment":[{"href":"https:\/\/www.cordobatimes.com\/showup\/wp-json\/wp\/v2\/media?parent=37437"}],"wp:term":[{"taxonomy":"category","embeddable":true,"href":"https:\/\/www.cordobatimes.com\/showup\/wp-json\/wp\/v2\/categories?post=37437"},{"taxonomy":"post_tag","embeddable":true,"href":"https:\/\/www.cordobatimes.com\/showup\/wp-json\/wp\/v2\/tags?post=37437"}],"curies":[{"name":"wp","href":"https:\/\/api.w.org\/{rel}","templated":true}]}}