{"id":37434,"date":"2015-03-14T14:35:25","date_gmt":"2015-03-14T17:35:25","guid":{"rendered":"http:\/\/cordobatimes.com\/showup\/?p=37434"},"modified":"2020-02-18T19:57:09","modified_gmt":"2020-02-18T22:57:09","slug":"la-farandula-nuevamente-de-luto-fallecio-ana-maria-giunta","status":"publish","type":"post","link":"https:\/\/www.cordobatimes.com\/showup\/famosos\/2015\/03\/14\/la-farandula-nuevamente-de-luto-fallecio-ana-maria-giunta\/","title":{"rendered":"La far\u00e1ndula nuevamente de luto: falleci\u00f3 Ana Mar\u00eda Giunta"},"content":{"rendered":"<h3 style=\"text-align: justify;\"><strong>La actriz de 70 a\u00f1os \u00abse fue de gira\u00bb- como afirman sus colegas- luego de sufrir varios problemas de salud.\u00a0<\/strong><\/h3>\n<p style=\"text-align: justify;\">Giunta sufr\u00eda desde hace ya alg\u00fan tiempo.\u00a0Primero tuvo un ataque card\u00edaco-respiratorio. Producto de ello, le sacaron una inyecci\u00f3n de adrenalina del coraz\u00f3n. Despu\u00e9s me detectaron diabetes y presi\u00f3n alta.<\/p>\n<p style=\"text-align: justify;\">Sus \u00faltimos d\u00edas se los pas\u00f3 en cama porque no pod\u00eda caminar. Recib\u00eda ox\u00edgeno mientras estaba acostada, tomaba diecisiete medicamentos por d\u00eda, y ten\u00eda psiquiatra, psic\u00f3loga y kinesi\u00f3loga tres veces por semana.<\/p>\n<p style=\"text-align: justify;\">Entre 1976 y 2014, Ana Mar\u00eda hizo m\u00e1s de 19 apariciones en el cine de Argentina. \u00abJuan que re\u00eda\u00bb, fue su film. El \u00faltimo que hizo fue \u00abAlgunos d\u00edas sin m\u00fasica\u00bb.<\/p>\n<p style=\"text-align: justify;\">Fue una fiel defensora por el derecho de la mujer, de la violencia familiar y de la violencia de g\u00e9nero. Apoy\u00f3 y se comprometi\u00f3 activamente en el tema del matrimonio igualitario y el derecho a la vida.<\/p>\n<p style=\"text-align: justify;\">En sus \u00faltimos 15 a\u00f1os, fue la directora de los \u00abTalleres de Arte para la Vida\u00bb, donde dedic\u00f3 todo su potencial y coraz\u00f3n a ni\u00f1os, adolescentes y adultos con capacidades especiales.<\/p>\n","protected":false},"excerpt":{"rendered":"<p>La actriz de 70 a\u00f1os \u00abse fue de gira\u00bb- como afirman sus colegas- luego de sufrir varios problemas de salud.\u00a0 Giunta sufr\u00eda desde hace ya alg\u00fan tiempo.\u00a0Primero tuvo un ataque card\u00edaco-respiratorio. Producto de ello, le sacaron una inyecci\u00f3n de adrenalina del coraz\u00f3n. Despu\u00e9s me detectaron diabetes y presi\u00f3n alta. Sus \u00faltimos d\u00edas se los pas\u00f3 [&hellip;]<\/p>\n","protected":false},"author":9,"featured_media":37435,"comment_status":"closed","ping_status":"closed","sticky":false,"template":"","format":"standard","meta":{"_seopress_robots_primary_cat":"","_seopress_titles_title":"","_seopress_titles_desc":"","_seopress_robots_index":"","footnotes":""},"categories":[4],"tags":[29820],"class_list":{"0":"post-37434","1":"post","2":"type-post","3":"status-publish","4":"format-standard","5":"has-post-thumbnail","7":"category-famosos","8":"tag-muerte-de-ana-maria-giunta"},"_links":{"self":[{"href":"https:\/\/www.cordobatimes.com\/showup\/wp-json\/wp\/v2\/posts\/37434","targetHints":{"allow":["GET"]}}],"collection":[{"href":"https:\/\/www.cordobatimes.com\/showup\/wp-json\/wp\/v2\/posts"}],"about":[{"href":"https:\/\/www.cordobatimes.com\/showup\/wp-json\/wp\/v2\/types\/post"}],"author":[{"embeddable":true,"href":"https:\/\/www.cordobatimes.com\/showup\/wp-json\/wp\/v2\/users\/9"}],"replies":[{"embeddable":true,"href":"https:\/\/www.cordobatimes.com\/showup\/wp-json\/wp\/v2\/comments?post=37434"}],"version-history":[{"count":0,"href":"https:\/\/www.cordobatimes.com\/showup\/wp-json\/wp\/v2\/posts\/37434\/revisions"}],"wp:featuredmedia":[{"embeddable":true,"href":"https:\/\/www.cordobatimes.com\/showup\/wp-json\/wp\/v2\/media\/37435"}],"wp:attachment":[{"href":"https:\/\/www.cordobatimes.com\/showup\/wp-json\/wp\/v2\/media?parent=37434"}],"wp:term":[{"taxonomy":"category","embeddable":true,"href":"https:\/\/www.cordobatimes.com\/showup\/wp-json\/wp\/v2\/categories?post=37434"},{"taxonomy":"post_tag","embeddable":true,"href":"https:\/\/www.cordobatimes.com\/showup\/wp-json\/wp\/v2\/tags?post=37434"}],"curies":[{"name":"wp","href":"https:\/\/api.w.org\/{rel}","templated":true}]}}