{"id":37371,"date":"2015-03-12T17:58:36","date_gmt":"2015-03-12T20:58:36","guid":{"rendered":"http:\/\/cordobatimes.com\/showup\/?p=37371"},"modified":"2020-02-18T20:12:40","modified_gmt":"2020-02-18T23:12:40","slug":"dumbo-regresa-de-la-mano-de-tim-burton","status":"publish","type":"post","link":"https:\/\/www.cordobatimes.com\/showup\/cine-y-series\/2015\/03\/12\/dumbo-regresa-de-la-mano-de-tim-burton\/","title":{"rendered":"\u00abDumbo\u00bb regresa de la mano de Tim Burton"},"content":{"rendered":"<h3 style=\"text-align: justify;\"><strong>Disney \u00a0se juntar\u00e1 con el director y realizar\u00e1n una nueva versi\u00f3n del cl\u00e1sico de la animaci\u00f3n. La pel\u00edcula contendr\u00e1 acci\u00f3n real, as\u00ed lo inform\u00f3 la edici\u00f3n digital de la revista Variety.<\/strong><\/h3>\n<p style=\"text-align: justify;\">Burton, dos veces candidato al \u00d3scar, se har\u00e1 cargo de este proyecto que cuenta con gui\u00f3n de Ehren Kruger, autor de los textos de las tres \u00faltimas entregas de la saga \u201cTransformers\u201d y de cintas como \u201cScream 3\u2033 (2000) o \u00abThe Ring\u00bb (2002).<\/p>\n<p style=\"text-align: justify;\">Justin Springer, que trabaj\u00f3 en \u201cTron: Legacy\u201d y \u201cOblivion\u201d, ser\u00e1 el productor de la cinta junto a Kruger.<\/p>\n<p style=\"text-align: justify;\">\u201cDumbo\u201d (1941) contaba la historia de un elefante de circo que sufr\u00eda las burlas de los dem\u00e1s por sus enormes orejas hasta que, con la ayuda de un rat\u00f3n, lograba alcanzar todos sus objetivos.<\/p>\n<p style=\"text-align: justify;\">La versi\u00f3n que prepara Burton mezclar\u00e1 acci\u00f3n real y animaci\u00f3n, seg\u00fan \u201cVariety\u201d.<\/p>\n<p style=\"text-align: justify;\">Tras el \u00e9xito de \u201cMal\u00e9fica\u201d y \u201cAlicia en el pa\u00eds de las maravillas\u201d, Disney ha desarrollado varios proyectos centrados en actualizar sus grandes cl\u00e1sicos de la animaci\u00f3n y convertirlos en cintas de acci\u00f3n real, como es el caso de \u201cCinderella\u201d, de estreno este viernes en la cartelera estadounidense.<\/p>\n<p style=\"text-align: justify;\">Disney tambi\u00e9n prepara una versi\u00f3n en acci\u00f3n real de \u201cLa Bella y la Bestia\u201d, protagonizada por Emma Watson, Dan Stevens y Luke Evans, y otra de similar estilo para \u201cEl libro de la selva\u201d.<\/p>\n<p style=\"text-align: justify;\">Asimismo, tiene en cartera la segunda parte de \u201cAlicia en el pa\u00eds de las maravillas\u201d, que llevar\u00e1 por t\u00edtulo \u201cA trav\u00e9s del espejo\u201d y que llegar\u00e1 a las salas en mayo de 2016.<\/p>\n","protected":false},"excerpt":{"rendered":"<p>Disney \u00a0se juntar\u00e1 con el director y realizar\u00e1n una nueva versi\u00f3n del cl\u00e1sico de la animaci\u00f3n. La pel\u00edcula contendr\u00e1 acci\u00f3n real, as\u00ed lo inform\u00f3 la edici\u00f3n digital de la revista Variety. Burton, dos veces candidato al \u00d3scar, se har\u00e1 cargo de este proyecto que cuenta con gui\u00f3n de Ehren Kruger, autor de los textos de [&hellip;]<\/p>\n","protected":false},"author":9,"featured_media":37372,"comment_status":"closed","ping_status":"closed","sticky":false,"template":"","format":"standard","meta":{"_seopress_robots_primary_cat":"","_seopress_titles_title":"","_seopress_titles_desc":"","_seopress_robots_index":"","footnotes":""},"categories":[3],"tags":[29822],"class_list":{"0":"post-37371","1":"post","2":"type-post","3":"status-publish","4":"format-standard","5":"has-post-thumbnail","7":"category-cine-y-series","8":"tag-dumbo-accion-real"},"_links":{"self":[{"href":"https:\/\/www.cordobatimes.com\/showup\/wp-json\/wp\/v2\/posts\/37371","targetHints":{"allow":["GET"]}}],"collection":[{"href":"https:\/\/www.cordobatimes.com\/showup\/wp-json\/wp\/v2\/posts"}],"about":[{"href":"https:\/\/www.cordobatimes.com\/showup\/wp-json\/wp\/v2\/types\/post"}],"author":[{"embeddable":true,"href":"https:\/\/www.cordobatimes.com\/showup\/wp-json\/wp\/v2\/users\/9"}],"replies":[{"embeddable":true,"href":"https:\/\/www.cordobatimes.com\/showup\/wp-json\/wp\/v2\/comments?post=37371"}],"version-history":[{"count":0,"href":"https:\/\/www.cordobatimes.com\/showup\/wp-json\/wp\/v2\/posts\/37371\/revisions"}],"wp:featuredmedia":[{"embeddable":true,"href":"https:\/\/www.cordobatimes.com\/showup\/wp-json\/wp\/v2\/media\/37372"}],"wp:attachment":[{"href":"https:\/\/www.cordobatimes.com\/showup\/wp-json\/wp\/v2\/media?parent=37371"}],"wp:term":[{"taxonomy":"category","embeddable":true,"href":"https:\/\/www.cordobatimes.com\/showup\/wp-json\/wp\/v2\/categories?post=37371"},{"taxonomy":"post_tag","embeddable":true,"href":"https:\/\/www.cordobatimes.com\/showup\/wp-json\/wp\/v2\/tags?post=37371"}],"curies":[{"name":"wp","href":"https:\/\/api.w.org\/{rel}","templated":true}]}}