{"id":37336,"date":"2015-03-12T13:47:39","date_gmt":"2015-03-12T16:47:39","guid":{"rendered":"http:\/\/cordobatimes.com\/showup\/?p=37336"},"modified":"2020-02-18T20:18:45","modified_gmt":"2020-02-18T23:18:45","slug":"barbie-velez-afirmo-el-accidente-me-cambio","status":"publish","type":"post","link":"https:\/\/www.cordobatimes.com\/showup\/famosos\/2015\/03\/12\/barbie-velez-afirmo-el-accidente-me-cambio\/","title":{"rendered":"Barbie V\u00e9lez afirm\u00f3: \u00abel accidente me cambi\u00f3\u00bb"},"content":{"rendered":"<h3 style=\"text-align: justify;\"><strong>La bella actriz e hija de Nazarena brind\u00f3 una divertida y sincera nota a\u00a0\u201cDesayuno Americano\u201d luego del terrible accidente automovil\u00edstico que sufri\u00f3 d\u00edas atr\u00e1s mientras viajaba de Mar del Plata hacia Buenos Aires.<\/strong><\/h3>\n<p style=\"text-align: justify;\">\u201cLa saqu\u00e9 barat\u00edsima, solo tengo golpes y dolores obvios por el accidente, pero me hice todos los estudios y est\u00e1 todo perfecto\u201d, dijo Barbie.<\/p>\n<p style=\"text-align: justify;\">\u201cMe salv\u00f3 el cintur\u00f3n de seguridad\u201c, agreg\u00f3.<\/p>\n<p style=\"text-align: justify;\">Consultada sobre si su vida cambi\u00f3 tras el accidente, dijo: \u201cYo era de amargarme por tonter\u00edas. Esto me cambi\u00f3, capaz no me daba cuenta, pero cuando vi las im\u00e1genes y le\u00ed los mensajes, ahi empec\u00e9 a tomar conciencia\u201d.<\/p>\n<p style=\"text-align: justify;\">Barbie cont\u00f3 que volvi\u00f3 a conducir porque le sugirieron que \u201ccuanto m\u00e1s r\u00e1pido me subiera a un auto iba a ser mejor\u201d. \u201cNo tengo ning\u00fan trauma, estoy agradecida\u201d, se\u00f1al\u00f3.<\/p>\n<p style=\"text-align: justify;\">Respecto a su novio, Federico Bal, la bella joven de 21 a\u00f1os dijo que est\u00e1 \u201cmuy contenida\u201d por \u00e9l y que est\u00e1 \u201cmuy contenta\u201d. \u201cSe est\u00e1 comportando muy bien, est\u00e1 haciendo las cosas s\u00faper bien\u201c, expres\u00f3 feliz.<\/p>\n<p style=\"text-align: justify;\">Por \u00faltimo, sobre la confirmaci\u00f3n de la relaci\u00f3n de su madre, Nazarena V\u00e9lez y el abogado de Carmen Barbieri, Gonzalo Gamarra, dijo: \u201cSi es as\u00ed, me pone muy contenta. Gonzalo es un divino. Si lo confirma es porque est\u00e1 segura de la relaci\u00f3n y me pone muy feliz\u201c.<\/p>\n<p style=\"text-align: justify;\">No te pierdas el video.<\/p>\n<p><iframe loading=\"lazy\" src=\"https:\/\/www.youtube.com\/embed\/kuAi_nVgaVc\" width=\"420\" height=\"315\" frameborder=\"0\" allowfullscreen=\"allowfullscreen\"><\/iframe><\/p>\n","protected":false},"excerpt":{"rendered":"<p>La bella actriz e hija de Nazarena brind\u00f3 una divertida y sincera nota a\u00a0\u201cDesayuno Americano\u201d luego del terrible accidente automovil\u00edstico que sufri\u00f3 d\u00edas atr\u00e1s mientras viajaba de Mar del Plata hacia Buenos Aires. \u201cLa saqu\u00e9 barat\u00edsima, solo tengo golpes y dolores obvios por el accidente, pero me hice todos los estudios y est\u00e1 todo perfecto\u201d, [&hellip;]<\/p>\n","protected":false},"author":9,"featured_media":37346,"comment_status":"closed","ping_status":"closed","sticky":false,"template":"","format":"standard","meta":{"_seopress_robots_primary_cat":"","_seopress_titles_title":"","_seopress_titles_desc":"","_seopress_robots_index":"","footnotes":""},"categories":[4],"tags":[29823],"class_list":{"0":"post-37336","1":"post","2":"type-post","3":"status-publish","4":"format-standard","5":"has-post-thumbnail","7":"category-famosos","8":"tag-accidente-de-barbie-velez"},"_links":{"self":[{"href":"https:\/\/www.cordobatimes.com\/showup\/wp-json\/wp\/v2\/posts\/37336","targetHints":{"allow":["GET"]}}],"collection":[{"href":"https:\/\/www.cordobatimes.com\/showup\/wp-json\/wp\/v2\/posts"}],"about":[{"href":"https:\/\/www.cordobatimes.com\/showup\/wp-json\/wp\/v2\/types\/post"}],"author":[{"embeddable":true,"href":"https:\/\/www.cordobatimes.com\/showup\/wp-json\/wp\/v2\/users\/9"}],"replies":[{"embeddable":true,"href":"https:\/\/www.cordobatimes.com\/showup\/wp-json\/wp\/v2\/comments?post=37336"}],"version-history":[{"count":0,"href":"https:\/\/www.cordobatimes.com\/showup\/wp-json\/wp\/v2\/posts\/37336\/revisions"}],"wp:featuredmedia":[{"embeddable":true,"href":"https:\/\/www.cordobatimes.com\/showup\/wp-json\/wp\/v2\/media\/37346"}],"wp:attachment":[{"href":"https:\/\/www.cordobatimes.com\/showup\/wp-json\/wp\/v2\/media?parent=37336"}],"wp:term":[{"taxonomy":"category","embeddable":true,"href":"https:\/\/www.cordobatimes.com\/showup\/wp-json\/wp\/v2\/categories?post=37336"},{"taxonomy":"post_tag","embeddable":true,"href":"https:\/\/www.cordobatimes.com\/showup\/wp-json\/wp\/v2\/tags?post=37336"}],"curies":[{"name":"wp","href":"https:\/\/api.w.org\/{rel}","templated":true}]}}