{"id":37093,"date":"2015-03-07T14:13:21","date_gmt":"2015-03-07T17:13:21","guid":{"rendered":"http:\/\/cordobatimes.com\/showup\/?p=37093"},"modified":"2020-02-19T08:00:24","modified_gmt":"2020-02-19T11:00:24","slug":"lenny-kravitz-con-novia-argentina","status":"publish","type":"post","link":"https:\/\/www.cordobatimes.com\/showup\/famosos\/2015\/03\/07\/lenny-kravitz-con-novia-argentina\/","title":{"rendered":"Lenny Kravitz \u00bfcon novia argentina?"},"content":{"rendered":"<h3 style=\"text-align: justify;\"><strong>El cantante estar\u00eda \u00a0en pareja con una modelo de nuestro pa\u00eds.<\/strong><\/h3>\n<p style=\"text-align: justify;\">Se trata de Lucila Godoy, una morocha que tambi\u00e9n es fot\u00f3grafa y, con motivo de la apertura de su nueva muestra de arte, se mostraron por primera vez en p\u00fablico.<\/p>\n<p>Lenny Kravitz acompa\u00f1\u00f3 a su novia en el evento que se llev\u00f3 a cabo en Los \u00c1ngeles y, lejos de esconderse, la pareja camin\u00f3 a la par, aunque con un amigo del sex symbol, que tambi\u00e9n aparece en las fotos.<\/p>\n<p>Lenny y Lucila est\u00e1n de novios hace m\u00e1s de un a\u00f1o, mantienen una relaci\u00f3n a la distancia y, cada vez que puede, la modelo viaja a visitarlo.<\/p>\n<p style=\"text-align: justify;\">Seg\u00fan transcendi\u00f3 el morocho est\u00e1 muy enamorado y le habr\u00eda pedido a su novia que se mude a Los \u00c1ngeles con \u00e9l para formalizar la relaci\u00f3n.<\/p>\n<h3 style=\"text-align: justify;\"><a href=\"http:\/\/cordobatimes.com\/showup\/wp-content\/uploads\/2015\/03\/11.jpg\"><img loading=\"lazy\" decoding=\"async\" class=\"alignnone size-full wp-image-37105\" src=\"http:\/\/cordobatimes.com\/showup\/wp-content\/uploads\/2015\/03\/11.jpg\" alt=\"1\" width=\"611\" height=\"308\" data-id=\"37105\" srcset=\"https:\/\/www.cordobatimes.com\/showup\/wp-content\/uploads\/2015\/03\/11.jpg 611w, https:\/\/www.cordobatimes.com\/showup\/wp-content\/uploads\/2015\/03\/11-300x151.jpg 300w\" sizes=\"auto, (max-width: 611px) 100vw, 611px\" \/><\/a><\/h3>\n","protected":false},"excerpt":{"rendered":"<p>El cantante estar\u00eda \u00a0en pareja con una modelo de nuestro pa\u00eds. Se trata de Lucila Godoy, una morocha que tambi\u00e9n es fot\u00f3grafa y, con motivo de la apertura de su nueva muestra de arte, se mostraron por primera vez en p\u00fablico. Lenny Kravitz acompa\u00f1\u00f3 a su novia en el evento que se llev\u00f3 a cabo [&hellip;]<\/p>\n","protected":false},"author":9,"featured_media":37104,"comment_status":"closed","ping_status":"closed","sticky":false,"template":"","format":"standard","meta":{"_seopress_robots_primary_cat":"","_seopress_titles_title":"","_seopress_titles_desc":"","_seopress_robots_index":"","footnotes":""},"categories":[4],"tags":[29837],"class_list":{"0":"post-37093","1":"post","2":"type-post","3":"status-publish","4":"format-standard","5":"has-post-thumbnail","7":"category-famosos","8":"tag-lenny-kravitz-y-lucila-godoy"},"_links":{"self":[{"href":"https:\/\/www.cordobatimes.com\/showup\/wp-json\/wp\/v2\/posts\/37093","targetHints":{"allow":["GET"]}}],"collection":[{"href":"https:\/\/www.cordobatimes.com\/showup\/wp-json\/wp\/v2\/posts"}],"about":[{"href":"https:\/\/www.cordobatimes.com\/showup\/wp-json\/wp\/v2\/types\/post"}],"author":[{"embeddable":true,"href":"https:\/\/www.cordobatimes.com\/showup\/wp-json\/wp\/v2\/users\/9"}],"replies":[{"embeddable":true,"href":"https:\/\/www.cordobatimes.com\/showup\/wp-json\/wp\/v2\/comments?post=37093"}],"version-history":[{"count":0,"href":"https:\/\/www.cordobatimes.com\/showup\/wp-json\/wp\/v2\/posts\/37093\/revisions"}],"wp:featuredmedia":[{"embeddable":true,"href":"https:\/\/www.cordobatimes.com\/showup\/wp-json\/wp\/v2\/media\/37104"}],"wp:attachment":[{"href":"https:\/\/www.cordobatimes.com\/showup\/wp-json\/wp\/v2\/media?parent=37093"}],"wp:term":[{"taxonomy":"category","embeddable":true,"href":"https:\/\/www.cordobatimes.com\/showup\/wp-json\/wp\/v2\/categories?post=37093"},{"taxonomy":"post_tag","embeddable":true,"href":"https:\/\/www.cordobatimes.com\/showup\/wp-json\/wp\/v2\/tags?post=37093"}],"curies":[{"name":"wp","href":"https:\/\/api.w.org\/{rel}","templated":true}]}}