{"id":37013,"date":"2015-03-05T18:29:42","date_gmt":"2015-03-05T21:29:42","guid":{"rendered":"http:\/\/cordobatimes.com\/showup\/?p=37013"},"modified":"2020-02-19T09:57:21","modified_gmt":"2020-02-19T12:57:21","slug":"marcela-tauro-presento-su-primer-libro","status":"publish","type":"post","link":"https:\/\/www.cordobatimes.com\/showup\/famosos\/2015\/03\/05\/marcela-tauro-presento-su-primer-libro\/","title":{"rendered":"Marcela Tauro present\u00f3 su primer libro"},"content":{"rendered":"<p style=\"text-align: justify;\">\n<h3 style=\"text-align: justify;\"><strong>La periodista de Intrusos dio a conocer \u00abLa espiritualidad y los famosos\u00bb que saldr\u00e1 el pr\u00f3ximo 17 de Marzo.\u00a0<\/strong><\/h3>\n<p style=\"text-align: justify;\">De esta manera, se suma a la tendencia que inauguraron Viviana Canosa, Ari Paluch, Guillermo Andino y hasta el mismo Jorge Rial.<\/p>\n<p style=\"text-align: justify;\">Tauro es conocida en el medio por su profesionalismo y su garra a la hora del trabajo en el periodismo de espect\u00e1culos, pero la idea de este libro es mostrar otra parte de la vida de la periodista, m\u00e1s cercana a la f\u00e9 y a la palabra de Dios.<\/p>\n<p>\u00abMe propusieron hacer un libro sobre mis viajes a lo del Padre Ignacio, que es un cura sanador, tambi\u00e9n de reiki y de espiritualidad en general. Todo lo que viv\u00ed luego de ser madre y todo lo relacionado con mi embarazo y mi complicado parto, tuve dos charlas para ponernos de acuerdo\u00bb. As\u00ed Marcela le cont\u00f3 al portal de noticias RatingCero.com sobre el proyecto.<\/p>\n","protected":false},"excerpt":{"rendered":"<p>La periodista de Intrusos dio a conocer \u00abLa espiritualidad y los famosos\u00bb que saldr\u00e1 el pr\u00f3ximo 17 de Marzo.\u00a0 De esta manera, se suma a la tendencia que inauguraron Viviana Canosa, Ari Paluch, Guillermo Andino y hasta el mismo Jorge Rial. Tauro es conocida en el medio por su profesionalismo y su garra a la [&hellip;]<\/p>\n","protected":false},"author":9,"featured_media":37022,"comment_status":"closed","ping_status":"closed","sticky":false,"template":"","format":"standard","meta":{"_seopress_robots_primary_cat":"","_seopress_titles_title":"","_seopress_titles_desc":"","_seopress_robots_index":"","footnotes":""},"categories":[4],"tags":[12383,29843],"class_list":{"0":"post-37013","1":"post","2":"type-post","3":"status-publish","4":"format-standard","5":"has-post-thumbnail","7":"category-famosos","8":"tag-libro-de-marcela-tauro","9":"tag-marcela-tauro-la-espiritualidad-y-los-famosos"},"_links":{"self":[{"href":"https:\/\/www.cordobatimes.com\/showup\/wp-json\/wp\/v2\/posts\/37013","targetHints":{"allow":["GET"]}}],"collection":[{"href":"https:\/\/www.cordobatimes.com\/showup\/wp-json\/wp\/v2\/posts"}],"about":[{"href":"https:\/\/www.cordobatimes.com\/showup\/wp-json\/wp\/v2\/types\/post"}],"author":[{"embeddable":true,"href":"https:\/\/www.cordobatimes.com\/showup\/wp-json\/wp\/v2\/users\/9"}],"replies":[{"embeddable":true,"href":"https:\/\/www.cordobatimes.com\/showup\/wp-json\/wp\/v2\/comments?post=37013"}],"version-history":[{"count":0,"href":"https:\/\/www.cordobatimes.com\/showup\/wp-json\/wp\/v2\/posts\/37013\/revisions"}],"wp:featuredmedia":[{"embeddable":true,"href":"https:\/\/www.cordobatimes.com\/showup\/wp-json\/wp\/v2\/media\/37022"}],"wp:attachment":[{"href":"https:\/\/www.cordobatimes.com\/showup\/wp-json\/wp\/v2\/media?parent=37013"}],"wp:term":[{"taxonomy":"category","embeddable":true,"href":"https:\/\/www.cordobatimes.com\/showup\/wp-json\/wp\/v2\/categories?post=37013"},{"taxonomy":"post_tag","embeddable":true,"href":"https:\/\/www.cordobatimes.com\/showup\/wp-json\/wp\/v2\/tags?post=37013"}],"curies":[{"name":"wp","href":"https:\/\/api.w.org\/{rel}","templated":true}]}}