{"id":36973,"date":"2015-03-05T15:36:14","date_gmt":"2015-03-05T18:36:14","guid":{"rendered":"http:\/\/cordobatimes.com\/showup\/?p=36973"},"modified":"2020-02-19T10:18:49","modified_gmt":"2020-02-19T13:18:49","slug":"regresa-peligro-sin-codificar","status":"publish","type":"post","link":"https:\/\/www.cordobatimes.com\/showup\/tv\/2015\/03\/05\/regresa-peligro-sin-codificar\/","title":{"rendered":"Regresa \u00abPeligro Sin Codificar\u00bb"},"content":{"rendered":"<h3 style=\"text-align: justify;\"><strong>A partir del pr\u00f3ximo \u00a0domingo a las 16 hs. llega a Telefe la tercera temporada de los diferentes humoristas. <\/strong><\/h3>\n<p style=\"text-align: justify;\">El ciclo contar\u00e1 con la conducci\u00f3n de Diego Korol y el humor de Yayo, \u201cPachu\u201d Pe\u00f1a, \u201cPichu\u201d Straneo, Nazareno Mottola, Migue Granados, Alacr\u00e1n, Pablo Granados, Luis Rubio, Marcelo Ruiz D\u00edaz y Walter L\u00f3pez.<\/p>\n<p style=\"text-align: justify;\">\u201cPeligro Sin Codificar\u201d, se renueva y propone nuevos personajes, novedosas secciones, el humor m\u00e1s desopilante de la televisi\u00f3n y muchas sorpresas m\u00e1s.<\/p>\n<p style=\"text-align: justify;\">Dentro de sus novedades se destaca \u201cOperaci\u00f3n Mosca\u201d, un duelo desigual donde un participante ingresa a una caja de cristal y all\u00ed cuenta con un minuto para matar a una mosca con un elemento a su elecci\u00f3n. Adem\u00e1s llega \u201cRoberto Duchetti\u201d, el hombre que canta bajo la ducha.<\/p>\n<p style=\"text-align: justify;\">Por su parte, el ciclo invita a buscar la risa m\u00e1s contagiosa del pa\u00eds: \u201cNosotros ponemos los chistes y vos pon\u00e9s la risa\u201d. V\u00eda Wahtsapp -al n\u00famero 11 3 325 0394- la producci\u00f3n recibir\u00e1 los videos y presentar\u00e1 las risas m\u00e1s divertidas.<\/p>\n<p style=\"text-align: justify;\">Adem\u00e1s, este domingo, un mano a mano imperdible entre Iv\u00e1n de Piroska y el campe\u00f3n del Abierto de Buenos Aires, Rafa Nadal. Por su parte, Ulises Bueno canta en vivo el hit viral del verano \u201cDale Vieja Dale\u201d.<\/p>\n<p style=\"text-align: justify;\">Un domingo lleno de sorpresas y un a\u00f1o m\u00e1s con el humor de siempre, \u201cLos Rebos\u201d, \u201cLas Remugrientas\u201d y \u201cLos Batichurros\u201d, entre otros.<\/p>\n","protected":false},"excerpt":{"rendered":"<p>A partir del pr\u00f3ximo \u00a0domingo a las 16 hs. llega a Telefe la tercera temporada de los diferentes humoristas. El ciclo contar\u00e1 con la conducci\u00f3n de Diego Korol y el humor de Yayo, \u201cPachu\u201d Pe\u00f1a, \u201cPichu\u201d Straneo, Nazareno Mottola, Migue Granados, Alacr\u00e1n, Pablo Granados, Luis Rubio, Marcelo Ruiz D\u00edaz y Walter L\u00f3pez. \u201cPeligro Sin Codificar\u201d, [&hellip;]<\/p>\n","protected":false},"author":9,"featured_media":36989,"comment_status":"closed","ping_status":"closed","sticky":false,"template":"","format":"standard","meta":{"_seopress_robots_primary_cat":"","_seopress_titles_title":"","_seopress_titles_desc":"","_seopress_robots_index":"","footnotes":""},"categories":[2],"tags":[12362],"class_list":{"0":"post-36973","1":"post","2":"type-post","3":"status-publish","4":"format-standard","5":"has-post-thumbnail","7":"category-tv","8":"tag-3era-temporada-de-peligro-sin-codificar"},"_links":{"self":[{"href":"https:\/\/www.cordobatimes.com\/showup\/wp-json\/wp\/v2\/posts\/36973","targetHints":{"allow":["GET"]}}],"collection":[{"href":"https:\/\/www.cordobatimes.com\/showup\/wp-json\/wp\/v2\/posts"}],"about":[{"href":"https:\/\/www.cordobatimes.com\/showup\/wp-json\/wp\/v2\/types\/post"}],"author":[{"embeddable":true,"href":"https:\/\/www.cordobatimes.com\/showup\/wp-json\/wp\/v2\/users\/9"}],"replies":[{"embeddable":true,"href":"https:\/\/www.cordobatimes.com\/showup\/wp-json\/wp\/v2\/comments?post=36973"}],"version-history":[{"count":0,"href":"https:\/\/www.cordobatimes.com\/showup\/wp-json\/wp\/v2\/posts\/36973\/revisions"}],"wp:featuredmedia":[{"embeddable":true,"href":"https:\/\/www.cordobatimes.com\/showup\/wp-json\/wp\/v2\/media\/36989"}],"wp:attachment":[{"href":"https:\/\/www.cordobatimes.com\/showup\/wp-json\/wp\/v2\/media?parent=36973"}],"wp:term":[{"taxonomy":"category","embeddable":true,"href":"https:\/\/www.cordobatimes.com\/showup\/wp-json\/wp\/v2\/categories?post=36973"},{"taxonomy":"post_tag","embeddable":true,"href":"https:\/\/www.cordobatimes.com\/showup\/wp-json\/wp\/v2\/tags?post=36973"}],"curies":[{"name":"wp","href":"https:\/\/api.w.org\/{rel}","templated":true}]}}