{"id":36947,"date":"2015-03-04T14:45:04","date_gmt":"2015-03-04T17:45:04","guid":{"rendered":"http:\/\/cordobatimes.com\/showup\/?p=36947"},"modified":"2020-02-19T10:35:02","modified_gmt":"2020-02-19T13:35:02","slug":"barbie-velez-se-accidento-en-la-ruta","status":"publish","type":"post","link":"https:\/\/www.cordobatimes.com\/showup\/famosos\/2015\/03\/04\/barbie-velez-se-accidento-en-la-ruta\/","title":{"rendered":"Barbie V\u00e9lez se accident\u00f3 en la ruta"},"content":{"rendered":"<h3 style=\"text-align: justify;\"><strong>En Intrusos confirmaron un \u00faltimo momento que protagonizar\u00eda la hija de Nazarena.\u00a0<\/strong><\/h3>\n<p style=\"text-align: justify;\">El intruso afirm\u00f3 que est\u00e1 bien, que s\u00f3lo tiene golpes y ser\u00e1 dada de alta en instantes.<\/p>\n<p style=\"text-align: justify;\">El accidente ocurri\u00f3 en la ruta 2 a la altura de \u00a0la ciudad de Dolores.<\/p>\n<p style=\"text-align: justify;\">Fue intervenida y se encuentra en observaci\u00f3n en el hospital zonal de Dolores.<\/p>\n<p><iframe loading=\"lazy\" src=\"https:\/\/www.youtube.com\/embed\/vhGwug6-RiM\" width=\"560\" height=\"315\" frameborder=\"0\" allowfullscreen=\"allowfullscreen\"><\/iframe><\/p>\n","protected":false},"excerpt":{"rendered":"<p>En Intrusos confirmaron un \u00faltimo momento que protagonizar\u00eda la hija de Nazarena.\u00a0 El intruso afirm\u00f3 que est\u00e1 bien, que s\u00f3lo tiene golpes y ser\u00e1 dada de alta en instantes. El accidente ocurri\u00f3 en la ruta 2 a la altura de \u00a0la ciudad de Dolores. Fue intervenida y se encuentra en observaci\u00f3n en el hospital zonal [&hellip;]<\/p>\n","protected":false},"author":9,"featured_media":36948,"comment_status":"closed","ping_status":"closed","sticky":false,"template":"","format":"standard","meta":{"_seopress_robots_primary_cat":"","_seopress_titles_title":"","_seopress_titles_desc":"","_seopress_robots_index":"","footnotes":""},"categories":[4],"tags":[29823],"class_list":{"0":"post-36947","1":"post","2":"type-post","3":"status-publish","4":"format-standard","5":"has-post-thumbnail","7":"category-famosos","8":"tag-accidente-de-barbie-velez"},"_links":{"self":[{"href":"https:\/\/www.cordobatimes.com\/showup\/wp-json\/wp\/v2\/posts\/36947","targetHints":{"allow":["GET"]}}],"collection":[{"href":"https:\/\/www.cordobatimes.com\/showup\/wp-json\/wp\/v2\/posts"}],"about":[{"href":"https:\/\/www.cordobatimes.com\/showup\/wp-json\/wp\/v2\/types\/post"}],"author":[{"embeddable":true,"href":"https:\/\/www.cordobatimes.com\/showup\/wp-json\/wp\/v2\/users\/9"}],"replies":[{"embeddable":true,"href":"https:\/\/www.cordobatimes.com\/showup\/wp-json\/wp\/v2\/comments?post=36947"}],"version-history":[{"count":0,"href":"https:\/\/www.cordobatimes.com\/showup\/wp-json\/wp\/v2\/posts\/36947\/revisions"}],"wp:featuredmedia":[{"embeddable":true,"href":"https:\/\/www.cordobatimes.com\/showup\/wp-json\/wp\/v2\/media\/36948"}],"wp:attachment":[{"href":"https:\/\/www.cordobatimes.com\/showup\/wp-json\/wp\/v2\/media?parent=36947"}],"wp:term":[{"taxonomy":"category","embeddable":true,"href":"https:\/\/www.cordobatimes.com\/showup\/wp-json\/wp\/v2\/categories?post=36947"},{"taxonomy":"post_tag","embeddable":true,"href":"https:\/\/www.cordobatimes.com\/showup\/wp-json\/wp\/v2\/tags?post=36947"}],"curies":[{"name":"wp","href":"https:\/\/api.w.org\/{rel}","templated":true}]}}