{"id":36752,"date":"2015-02-27T15:10:29","date_gmt":"2015-02-27T18:10:29","guid":{"rendered":"http:\/\/cordobatimes.com\/showup\/?p=36752"},"modified":"2020-02-14T17:54:04","modified_gmt":"2020-02-14T20:54:04","slug":"increible-una-mujer-se-tatuo-la-cara-de-marcelo-tinelli","status":"publish","type":"post","link":"https:\/\/www.cordobatimes.com\/showup\/famosos\/2015\/02\/27\/increible-una-mujer-se-tatuo-la-cara-de-marcelo-tinelli\/","title":{"rendered":"\u00a1Incre\u00edble! Una mujer se tatu\u00f3 la cara de Marcelo Tinelli"},"content":{"rendered":"<h3 style=\"text-align: justify;\"><b>Muchas veces el fanatismo de la gente no tiene l\u00edmites y es as\u00ed como lo demostr\u00f3 una seguidora del conductor con una extra\u00f1a demostraci\u00f3n de admiraci\u00f3n.<\/b><\/h3>\n<p style=\"text-align: justify;\">Quiz\u00e1s en homenaje al gusto de Marcelo Tinelli por los tatuajes, una mujer llamada Elizabeth Lazaro se tatu\u00f3 el rostro del conductor en una de sus piernas.<\/p>\n<p style=\"text-align: justify;\">Pero ah\u00ed no termin\u00f3. La mujer public\u00f3 la imagen a trav\u00e9s de su cuenta de Twitter que en s\u00f3lo minutos se viraliz\u00f3 por la red.<\/p>\n<p style=\"text-align: justify;\">A vos, \u00bfqu\u00e9 te parece el tatuaje?<\/p>\n","protected":false},"excerpt":{"rendered":"<p>Muchas veces el fanatismo de la gente no tiene l\u00edmites y es as\u00ed como lo demostr\u00f3 una seguidora del conductor con una extra\u00f1a demostraci\u00f3n de admiraci\u00f3n. Quiz\u00e1s en homenaje al gusto de Marcelo Tinelli por los tatuajes, una mujer llamada Elizabeth Lazaro se tatu\u00f3 el rostro del conductor en una de sus piernas. Pero ah\u00ed [&hellip;]<\/p>\n","protected":false},"author":9,"featured_media":36762,"comment_status":"closed","ping_status":"closed","sticky":false,"template":"","format":"standard","meta":{"_seopress_robots_primary_cat":"","_seopress_titles_title":"","_seopress_titles_desc":"","_seopress_robots_index":"","footnotes":""},"categories":[4],"tags":[29699,29698],"class_list":{"0":"post-36752","1":"post","2":"type-post","3":"status-publish","4":"format-standard","5":"has-post-thumbnail","7":"category-famosos","8":"tag-marcelo-tinelli-y-elizabeth-lazaro","9":"tag-tatuaje-de-marcelo-tinelli"},"_links":{"self":[{"href":"https:\/\/www.cordobatimes.com\/showup\/wp-json\/wp\/v2\/posts\/36752","targetHints":{"allow":["GET"]}}],"collection":[{"href":"https:\/\/www.cordobatimes.com\/showup\/wp-json\/wp\/v2\/posts"}],"about":[{"href":"https:\/\/www.cordobatimes.com\/showup\/wp-json\/wp\/v2\/types\/post"}],"author":[{"embeddable":true,"href":"https:\/\/www.cordobatimes.com\/showup\/wp-json\/wp\/v2\/users\/9"}],"replies":[{"embeddable":true,"href":"https:\/\/www.cordobatimes.com\/showup\/wp-json\/wp\/v2\/comments?post=36752"}],"version-history":[{"count":0,"href":"https:\/\/www.cordobatimes.com\/showup\/wp-json\/wp\/v2\/posts\/36752\/revisions"}],"wp:featuredmedia":[{"embeddable":true,"href":"https:\/\/www.cordobatimes.com\/showup\/wp-json\/wp\/v2\/media\/36762"}],"wp:attachment":[{"href":"https:\/\/www.cordobatimes.com\/showup\/wp-json\/wp\/v2\/media?parent=36752"}],"wp:term":[{"taxonomy":"category","embeddable":true,"href":"https:\/\/www.cordobatimes.com\/showup\/wp-json\/wp\/v2\/categories?post=36752"},{"taxonomy":"post_tag","embeddable":true,"href":"https:\/\/www.cordobatimes.com\/showup\/wp-json\/wp\/v2\/tags?post=36752"}],"curies":[{"name":"wp","href":"https:\/\/api.w.org\/{rel}","templated":true}]}}