{"id":36750,"date":"2015-02-27T15:21:51","date_gmt":"2015-02-27T18:21:51","guid":{"rendered":"http:\/\/cordobatimes.com\/showup\/?p=36750"},"modified":"2020-02-14T17:48:36","modified_gmt":"2020-02-14T20:48:36","slug":"gael-garcia-bernal-seria-el-elegido-para-interpretar-a-alberto-nisman-en-cine","status":"publish","type":"post","link":"https:\/\/www.cordobatimes.com\/showup\/cine-y-series\/2015\/02\/27\/gael-garcia-bernal-seria-el-elegido-para-interpretar-a-alberto-nisman-en-cine\/","title":{"rendered":"Gael Garc\u00eda Bernal ser\u00eda el elegido para interpretar a Alberto Nisman en cine"},"content":{"rendered":"<h3 style=\"text-align: justify;\"><strong>El director Stan Jakubowicz, productor venezolano responsable de \u201cWakolda\u201d, revel\u00f3 que tiene en carpeta un proyecto para llevar a la pantalla grande la vida del fiscal y uno de los actores que podr\u00eda protagonizarla es el gal\u00e1n mexicano.\u00a0<\/strong><\/h3>\n<p style=\"text-align: justify;\">\u201cLa pel\u00edcula formar\u00e1 parte de lo que en mi cabeza se llama la \u2018trilog\u00eda de la impunidad\u2019. Comenz\u00f3 con \u2018Wakolda\u2019, que cuenta la historia del doctor nazi Joseph Mengele y su paso por Am\u00e9rica del Sur. Continuar\u00e1 con \u2018El Fiscal\u2019 -t\u00edtulo tentativo- sobre los atentados a la Asociaci\u00f3n Mutual Israelita Argentina (AMIA), el posible involucramiento de Ir\u00e1n y del gobierno argentino\u201d, adelant\u00f3 Jakubowicz, en charla desde Miami con El Universal.<\/p>\n<p style=\"text-align: justify;\">\u201cPor \u00faltimo, me gustar\u00eda involucrarme en un proyecto sobre Hitler y la teor\u00eda de que no se suicid\u00f3, sino que vivi\u00f3 pl\u00e1cidamente en varios lugares de Am\u00e9rica Latina antes de morir. Esto basado en una gran investigaci\u00f3n que hizo el escritor y periodista argentino Abel Basti\u201d, agreg\u00f3 el venezolano.<\/p>\n<p style=\"text-align: justify;\">Para \u201cEl Fiscal\u201d, Jakubowicz tiene en mente a tres actores para interpretar a Nisman: Leonardo Sbaraglia, Gael Garc\u00eda Bernal y el venezolano \u00c9dgar Ram\u00edrez. \u201cEl elenco ser\u00e1 internacional y contar\u00e1 con grandes figuras de Hollywood y del cine independiente\u201d, se\u00f1al\u00f3 el realizador, a la vez que asegur\u00f3 que ya tiene un acuerdo de producci\u00f3n con Espa\u00f1a.<\/p>\n<p style=\"text-align: justify;\">Recordemos que el fiscal federal Alberto Nisman fue encontrado muerto en su departamento en la Torre Le Parc de Puerto Madero. El cad\u00e1ver del funcionario judicial, que hab\u00eda denunciado a la presidenta Cristina Fern\u00e1ndez de Kirchner por el encubrimiento de los responsables del atentado a la AMIA tras la firma del pacto con Ir\u00e1n, fue hallado en el ba\u00f1o de su casa, en un charco de sangre, con un impacto de bala.<\/p>\n","protected":false},"excerpt":{"rendered":"<p>El director Stan Jakubowicz, productor venezolano responsable de \u201cWakolda\u201d, revel\u00f3 que tiene en carpeta un proyecto para llevar a la pantalla grande la vida del fiscal y uno de los actores que podr\u00eda protagonizarla es el gal\u00e1n mexicano.\u00a0 \u201cLa pel\u00edcula formar\u00e1 parte de lo que en mi cabeza se llama la \u2018trilog\u00eda de la impunidad\u2019. [&hellip;]<\/p>\n","protected":false},"author":9,"featured_media":36766,"comment_status":"closed","ping_status":"closed","sticky":false,"template":"","format":"standard","meta":{"_seopress_robots_primary_cat":"","_seopress_titles_title":"","_seopress_titles_desc":"","_seopress_robots_index":"","footnotes":""},"categories":[3],"tags":[29696,12302,29697],"class_list":{"0":"post-36750","1":"post","2":"type-post","3":"status-publish","4":"format-standard","5":"has-post-thumbnail","7":"category-cine-y-series","8":"tag-gael-garcia-bernal-alberto-nisman","9":"tag-muerte-del-fiscal-alberto-nisman","10":"tag-pelicula-de-alberto-nisman"},"_links":{"self":[{"href":"https:\/\/www.cordobatimes.com\/showup\/wp-json\/wp\/v2\/posts\/36750","targetHints":{"allow":["GET"]}}],"collection":[{"href":"https:\/\/www.cordobatimes.com\/showup\/wp-json\/wp\/v2\/posts"}],"about":[{"href":"https:\/\/www.cordobatimes.com\/showup\/wp-json\/wp\/v2\/types\/post"}],"author":[{"embeddable":true,"href":"https:\/\/www.cordobatimes.com\/showup\/wp-json\/wp\/v2\/users\/9"}],"replies":[{"embeddable":true,"href":"https:\/\/www.cordobatimes.com\/showup\/wp-json\/wp\/v2\/comments?post=36750"}],"version-history":[{"count":0,"href":"https:\/\/www.cordobatimes.com\/showup\/wp-json\/wp\/v2\/posts\/36750\/revisions"}],"wp:featuredmedia":[{"embeddable":true,"href":"https:\/\/www.cordobatimes.com\/showup\/wp-json\/wp\/v2\/media\/36766"}],"wp:attachment":[{"href":"https:\/\/www.cordobatimes.com\/showup\/wp-json\/wp\/v2\/media?parent=36750"}],"wp:term":[{"taxonomy":"category","embeddable":true,"href":"https:\/\/www.cordobatimes.com\/showup\/wp-json\/wp\/v2\/categories?post=36750"},{"taxonomy":"post_tag","embeddable":true,"href":"https:\/\/www.cordobatimes.com\/showup\/wp-json\/wp\/v2\/tags?post=36750"}],"curies":[{"name":"wp","href":"https:\/\/api.w.org\/{rel}","templated":true}]}}