{"id":36748,"date":"2015-02-27T15:16:45","date_gmt":"2015-02-27T18:16:45","guid":{"rendered":"http:\/\/cordobatimes.com\/showup\/?p=36748"},"modified":"2020-02-14T17:54:29","modified_gmt":"2020-02-14T20:54:29","slug":"xuxa-asistira-a-la-mega-fiesta-de-los-25-anos-de-telefe","status":"publish","type":"post","link":"https:\/\/www.cordobatimes.com\/showup\/tv\/2015\/02\/27\/xuxa-asistira-a-la-mega-fiesta-de-los-25-anos-de-telefe\/","title":{"rendered":"Xuxa asistir\u00e1 a la mega fiesta de los 25 a\u00f1os de Telefe"},"content":{"rendered":"<h3 style=\"text-align: justify;\"><strong>El canal de las pelotas prepara un gran evento para festejar su cuarto de siglo \u00a0y ya son varias las estrellas que est\u00e1n confirmadas para la fiesta que se televisar\u00e1 el mi\u00e9rcoles 11 a partir de las 21.<\/strong><\/h3>\n<p style=\"text-align: justify;\">Bajo la consigna \u201cTodos juntos\u201d, el festejo que se realizar\u00e1 en el Luna Park juntar\u00e1 a celebridades de todas las \u00e9pocas del canal, con la excepci\u00f3n de Marcelo Tinelli.<\/p>\n<p style=\"text-align: justify;\">Seg\u00fan cuenta La Pavada de Cr\u00f3nica, Xuxa ser\u00e1 una de las m\u00e1ximas estrellas que participar\u00e1 del convite, e incluso cantar\u00e1 en la celebraci\u00f3n. Adem\u00e1s, estar\u00e1n Susana Gim\u00e9nez, Gustavo Yankelevich, Mirtha Legrand, Cris Morena, y Guillermo Francella.<\/p>\n<p style=\"text-align: justify;\">Tambi\u00e9n entre los 800 invitados de la fiesta de Telefe estar\u00e1n Juan Jos\u00e9 Campanella, quien junto a Natalia Oreiro, Benjam\u00edn Vicu\u00f1a y Joaqu\u00edn Furriel presentar\u00e1n \u201cEntre can\u00edbales\u201d; Pablo Echarri, Nancy Dupl\u00e1a y Miguel \u00c1ngel Sol\u00e1, entre otros para \u201cLa leona\u201d, Mariano I\u00fadica presentar\u00e1 su programa, tambi\u00e9n dir\u00e1n \u201cpresente\u201d los tres cocineros de \u201cMasterChef\u201d, y muchos m\u00e1s.<\/p>\n<p style=\"text-align: justify;\">Quien ya avis\u00f3 que no podr\u00e1 estar presente es Luisana Lopilato, protagonista de la ficci\u00f3n r\u00e9cord de repeticiones \u201cCasados con hijos\u201d, dado que por esos d\u00edas tiene que acompa\u00f1ar a su marido Michael Bubl\u00e9 a los shows que dar\u00e1 en Dubai y para el cual ya se est\u00e1n vendiendo localidades. Su hermano Dar\u00edo, tambi\u00e9n parte de la sit-com, ir\u00e1 despu\u00e9s de las funciones de \u201cBajo terapia\u201d en el Metropolitan.<\/p>\n","protected":false},"excerpt":{"rendered":"<p>El canal de las pelotas prepara un gran evento para festejar su cuarto de siglo \u00a0y ya son varias las estrellas que est\u00e1n confirmadas para la fiesta que se televisar\u00e1 el mi\u00e9rcoles 11 a partir de las 21. Bajo la consigna \u201cTodos juntos\u201d, el festejo que se realizar\u00e1 en el Luna Park juntar\u00e1 a celebridades [&hellip;]<\/p>\n","protected":false},"author":9,"featured_media":36764,"comment_status":"closed","ping_status":"closed","sticky":false,"template":"","format":"standard","meta":{"_seopress_robots_primary_cat":"","_seopress_titles_title":"","_seopress_titles_desc":"","_seopress_robots_index":"","footnotes":""},"categories":[2],"tags":[29700],"class_list":{"0":"post-36748","1":"post","2":"type-post","3":"status-publish","4":"format-standard","5":"has-post-thumbnail","7":"category-tv","8":"tag-xuxa-25-anos-de-telefe"},"_links":{"self":[{"href":"https:\/\/www.cordobatimes.com\/showup\/wp-json\/wp\/v2\/posts\/36748","targetHints":{"allow":["GET"]}}],"collection":[{"href":"https:\/\/www.cordobatimes.com\/showup\/wp-json\/wp\/v2\/posts"}],"about":[{"href":"https:\/\/www.cordobatimes.com\/showup\/wp-json\/wp\/v2\/types\/post"}],"author":[{"embeddable":true,"href":"https:\/\/www.cordobatimes.com\/showup\/wp-json\/wp\/v2\/users\/9"}],"replies":[{"embeddable":true,"href":"https:\/\/www.cordobatimes.com\/showup\/wp-json\/wp\/v2\/comments?post=36748"}],"version-history":[{"count":0,"href":"https:\/\/www.cordobatimes.com\/showup\/wp-json\/wp\/v2\/posts\/36748\/revisions"}],"wp:featuredmedia":[{"embeddable":true,"href":"https:\/\/www.cordobatimes.com\/showup\/wp-json\/wp\/v2\/media\/36764"}],"wp:attachment":[{"href":"https:\/\/www.cordobatimes.com\/showup\/wp-json\/wp\/v2\/media?parent=36748"}],"wp:term":[{"taxonomy":"category","embeddable":true,"href":"https:\/\/www.cordobatimes.com\/showup\/wp-json\/wp\/v2\/categories?post=36748"},{"taxonomy":"post_tag","embeddable":true,"href":"https:\/\/www.cordobatimes.com\/showup\/wp-json\/wp\/v2\/tags?post=36748"}],"curies":[{"name":"wp","href":"https:\/\/api.w.org\/{rel}","templated":true}]}}