{"id":36639,"date":"2015-02-25T13:51:31","date_gmt":"2015-02-25T16:51:31","guid":{"rendered":"http:\/\/cordobatimes.com\/showup\/?p=36639"},"modified":"2020-02-15T10:35:01","modified_gmt":"2020-02-15T13:35:01","slug":"llega-a-la-pantalla-grande-la-tragedia-de-cromanon","status":"publish","type":"post","link":"https:\/\/www.cordobatimes.com\/showup\/cine-y-series\/2015\/02\/25\/llega-a-la-pantalla-grande-la-tragedia-de-cromanon\/","title":{"rendered":"Llega a la pantalla grande la tragedia de Croma\u00f1\u00f3n"},"content":{"rendered":"<h3 style=\"text-align: justify;\"><strong>El reconocido cineasta\u00a0argentino Carlos Sor\u00edn, ser\u00e1 el encargado de plasmar en im\u00e1genes un nuevo documental que retratar\u00e1 todas las aristas de la tragedia del 30 diciembre del 2004, que dej\u00f3 un saldo de 194 muertos y miles de heridos.<\/strong><\/h3>\n<p style=\"text-align: justify;\">El trabajo de investigaci\u00f3n para el film est\u00e1 encabezado por el periodista Oscar Feito y a\u00fan no tiene t\u00edtulo confirmado.\u00a0El director argentino, tiene previsto estrenar el documental en diciembre de 2015 cuando se cumplan 11 a\u00f1os de la tragedia.<\/p>\n<p style=\"text-align: justify;\">El incendio en el boliche de Once mientras tocaba el grupo de rock \u00abCallejeros\u00bb marc\u00f3 la historia argentina.\u00a0El lugar era administrado por Omar Chab\u00e1n, condenado a 20 a\u00f1os de prisi\u00f3n, quien muri\u00f3 en noviembre del a\u00f1o pasado luego de una larga enfermedad.<\/p>\n<p style=\"text-align: justify;\">Esta historia en pantalla grande seguramente dar\u00e1 que hablar y traer\u00e1 reflexi\u00f3n de lo que pas\u00f3 esa tr\u00e1gica noche de verano.<\/p>\n","protected":false},"excerpt":{"rendered":"<p>El reconocido cineasta\u00a0argentino Carlos Sor\u00edn, ser\u00e1 el encargado de plasmar en im\u00e1genes un nuevo documental que retratar\u00e1 todas las aristas de la tragedia del 30 diciembre del 2004, que dej\u00f3 un saldo de 194 muertos y miles de heridos. El trabajo de investigaci\u00f3n para el film est\u00e1 encabezado por el periodista Oscar Feito y a\u00fan [&hellip;]<\/p>\n","protected":false},"author":17,"featured_media":36640,"comment_status":"closed","ping_status":"closed","sticky":false,"template":"","format":"standard","meta":{"_seopress_robots_primary_cat":"","_seopress_titles_title":"","_seopress_titles_desc":"","_seopress_robots_index":"","footnotes":""},"categories":[3],"tags":[29703,2291],"class_list":{"0":"post-36639","1":"post","2":"type-post","3":"status-publish","4":"format-standard","5":"has-post-thumbnail","7":"category-cine-y-series","8":"tag-pelicula-de-la-tragedia-de-cromanon","9":"tag-tragedia-de-cromanon"},"_links":{"self":[{"href":"https:\/\/www.cordobatimes.com\/showup\/wp-json\/wp\/v2\/posts\/36639","targetHints":{"allow":["GET"]}}],"collection":[{"href":"https:\/\/www.cordobatimes.com\/showup\/wp-json\/wp\/v2\/posts"}],"about":[{"href":"https:\/\/www.cordobatimes.com\/showup\/wp-json\/wp\/v2\/types\/post"}],"author":[{"embeddable":true,"href":"https:\/\/www.cordobatimes.com\/showup\/wp-json\/wp\/v2\/users\/17"}],"replies":[{"embeddable":true,"href":"https:\/\/www.cordobatimes.com\/showup\/wp-json\/wp\/v2\/comments?post=36639"}],"version-history":[{"count":0,"href":"https:\/\/www.cordobatimes.com\/showup\/wp-json\/wp\/v2\/posts\/36639\/revisions"}],"wp:featuredmedia":[{"embeddable":true,"href":"https:\/\/www.cordobatimes.com\/showup\/wp-json\/wp\/v2\/media\/36640"}],"wp:attachment":[{"href":"https:\/\/www.cordobatimes.com\/showup\/wp-json\/wp\/v2\/media?parent=36639"}],"wp:term":[{"taxonomy":"category","embeddable":true,"href":"https:\/\/www.cordobatimes.com\/showup\/wp-json\/wp\/v2\/categories?post=36639"},{"taxonomy":"post_tag","embeddable":true,"href":"https:\/\/www.cordobatimes.com\/showup\/wp-json\/wp\/v2\/tags?post=36639"}],"curies":[{"name":"wp","href":"https:\/\/api.w.org\/{rel}","templated":true}]}}