{"id":36581,"date":"2015-02-24T13:36:10","date_gmt":"2015-02-24T16:36:10","guid":{"rendered":"http:\/\/cordobatimes.com\/showup\/?p=36581"},"modified":"2020-02-15T17:04:29","modified_gmt":"2020-02-15T20:04:29","slug":"mirtha-cumplio-anos-y-lo-festejo-a-lo-grande-y-con-fines-beneficos","status":"publish","type":"post","link":"https:\/\/www.cordobatimes.com\/showup\/famosos\/2015\/02\/24\/mirtha-cumplio-anos-y-lo-festejo-a-lo-grande-y-con-fines-beneficos\/","title":{"rendered":"Mirtha cumpli\u00f3 a\u00f1os: lo festej\u00f3 a lo grande y con fines ben\u00e9ficos"},"content":{"rendered":"<h3 style=\"text-align: justify;\"><strong>La diva de los almuerzos realiz\u00f3 una gran fiesta de cumplea\u00f1os en el Hotel Costa Galana de Mar del Plata. <\/strong><\/h3>\n<p style=\"text-align: justify;\">La conductora aprovech\u00f3 esta celebraci\u00f3n para recaudar fondos con una cena show a beneficio del Hogar de enfermos y ancianos de La Gruta de Lourdes de La Feliz. El cubierto cost\u00f3 1.500 pesos.<\/p>\n<p style=\"text-align: justify;\">En la noche, Andrea Est\u00e9vez y Juli\u00e1n Labruna se encargaron de conducir el festejo, en el que hubo shows de baile a cargo de Mora Godoy y Marcos Ayala. Cecilia Milone y F\u00e1tima Florez tambi\u00e9n se presentaron en el escenario, as\u00ed como los humoristas Sergio Gonal y Carlos Garc\u00eda.<\/p>\n<p style=\"text-align: justify;\"><a href=\"http:\/\/cordobatimes.com\/showup\/wp-content\/uploads\/2015\/02\/3.jpg\"><img loading=\"lazy\" decoding=\"async\" class=\"alignnone wp-image-36592\" src=\"http:\/\/cordobatimes.com\/showup\/wp-content\/uploads\/2015\/02\/3.jpg\" alt=\"3\" width=\"600\" height=\"350\" data-id=\"36592\" \/><\/a><\/p>\n<p style=\"text-align: justify;\">M\u00f3nica Ayos, Carmen Barbieri, Nora Carpena, Luisa Albinoni, Jos\u00e9 Mar\u00eda Muscari, Pepe Soriano, Zulma Faiad, Andrea Frigerio, Javier Faroni, Mart\u00edn Kweller fueron algunos de los invitados que asistieron a esta velada solidaria.<\/p>\n<p style=\"text-align: justify;\">Adem\u00e1s dijeron presente personajes del mundo de la pol\u00edtica como Karina Rabolini, Sergio Massa y su mujer Malena Galmarini. Nito Artaza, quien trabaja tanto en el espect\u00e1culo como en la pol\u00edtica, se present\u00f3 en el cumplea\u00f1os junto a su pareja Silvina Scheffler.<\/p>\n<p style=\"text-align: justify;\">Tras despedirse del ciclo que realiz\u00f3 en Mar del Plata durante el verano, la conductora se tomar\u00e1 solo dos semanas de vacaciones y regresar\u00e1 el 14 de marzo a la pantalla de El Trece con su tradicional programa.<\/p>\n<p style=\"text-align: justify;\"><a href=\"http:\/\/cordobatimes.com\/showup\/wp-content\/uploads\/2015\/02\/22.jpg\"><img loading=\"lazy\" decoding=\"async\" class=\"alignnone wp-image-36591\" src=\"http:\/\/cordobatimes.com\/showup\/wp-content\/uploads\/2015\/02\/22.jpg\" alt=\"2\" width=\"600\" height=\"350\" data-id=\"36591\" \/><\/a><\/p>\n<p style=\"text-align: justify;\">Fotograf\u00eda: Infobae<\/p>\n<p style=\"text-align: justify;\">\n","protected":false},"excerpt":{"rendered":"<p>La diva de los almuerzos realiz\u00f3 una gran fiesta de cumplea\u00f1os en el Hotel Costa Galana de Mar del Plata. La conductora aprovech\u00f3 esta celebraci\u00f3n para recaudar fondos con una cena show a beneficio del Hogar de enfermos y ancianos de La Gruta de Lourdes de La Feliz. El cubierto cost\u00f3 1.500 pesos. En la [&hellip;]<\/p>\n","protected":false},"author":9,"featured_media":36593,"comment_status":"closed","ping_status":"closed","sticky":false,"template":"","format":"standard","meta":{"_seopress_robots_primary_cat":"","_seopress_titles_title":"","_seopress_titles_desc":"","_seopress_robots_index":"","footnotes":""},"categories":[4],"tags":[12189],"class_list":{"0":"post-36581","1":"post","2":"type-post","3":"status-publish","4":"format-standard","5":"has-post-thumbnail","7":"category-famosos","8":"tag-cumpleanos-de-mirtha-legrand"},"_links":{"self":[{"href":"https:\/\/www.cordobatimes.com\/showup\/wp-json\/wp\/v2\/posts\/36581","targetHints":{"allow":["GET"]}}],"collection":[{"href":"https:\/\/www.cordobatimes.com\/showup\/wp-json\/wp\/v2\/posts"}],"about":[{"href":"https:\/\/www.cordobatimes.com\/showup\/wp-json\/wp\/v2\/types\/post"}],"author":[{"embeddable":true,"href":"https:\/\/www.cordobatimes.com\/showup\/wp-json\/wp\/v2\/users\/9"}],"replies":[{"embeddable":true,"href":"https:\/\/www.cordobatimes.com\/showup\/wp-json\/wp\/v2\/comments?post=36581"}],"version-history":[{"count":0,"href":"https:\/\/www.cordobatimes.com\/showup\/wp-json\/wp\/v2\/posts\/36581\/revisions"}],"wp:featuredmedia":[{"embeddable":true,"href":"https:\/\/www.cordobatimes.com\/showup\/wp-json\/wp\/v2\/media\/36593"}],"wp:attachment":[{"href":"https:\/\/www.cordobatimes.com\/showup\/wp-json\/wp\/v2\/media?parent=36581"}],"wp:term":[{"taxonomy":"category","embeddable":true,"href":"https:\/\/www.cordobatimes.com\/showup\/wp-json\/wp\/v2\/categories?post=36581"},{"taxonomy":"post_tag","embeddable":true,"href":"https:\/\/www.cordobatimes.com\/showup\/wp-json\/wp\/v2\/tags?post=36581"}],"curies":[{"name":"wp","href":"https:\/\/api.w.org\/{rel}","templated":true}]}}