{"id":36560,"date":"2015-02-23T15:20:36","date_gmt":"2015-02-23T18:20:36","guid":{"rendered":"http:\/\/cordobatimes.com\/showup\/?p=36560"},"modified":"2020-02-15T18:49:16","modified_gmt":"2020-02-15T21:49:16","slug":"hoy-es-el-cumple-de-mirtha-legrand-cuantos-anos-tiene","status":"publish","type":"post","link":"https:\/\/www.cordobatimes.com\/showup\/famosos\/2015\/02\/23\/hoy-es-el-cumple-de-mirtha-legrand-cuantos-anos-tiene\/","title":{"rendered":"Hoy es el cumple de Mirtha Legrand \u00bfcu\u00e1ntos a\u00f1os tiene?"},"content":{"rendered":"<h3 style=\"text-align: justify;\"><strong>La diva de los almuerzos, cumple este lunes 88 a\u00f1os. Si bien a ella no le gusta hablar de su edad, la fecha de nacimiento dej\u00f3 de ser una duda hace un par de a\u00f1os, cuando uno de sus hermanos lo ratific\u00f3.<\/strong><\/h3>\n<p style=\"text-align: justify;\">Es que el misterio sobre su edad fue creado por ella misma al tratar de ocultarla. Por ese motivo, su real fecha de nacimiento siempre estuvo bajo la lupa, hasta que Jos\u00e9 Mart\u00ednez Su\u00e1rez, lo confirm\u00f3 en el 2013.<\/p>\n<p style=\"text-align: justify;\">\u00abEn honor a la verdad, yo soy de 1925 y mis hermanas de 1927\u00bb, dijo en el Festival de Cine de Mar del Plata.<\/p>\n<p style=\"text-align: justify;\">Para quienes quieran festejar su cumplea\u00f1os con la propia Chiqui, pueden acercarse al Costa Galana de Mar del Plara, donde deber\u00e1n pagar 1.500 pesos para participar de la tradicional fiesta que ofrece en La Feliz. Lo recaudado ser\u00e1 a beneficio.<\/p>\n<p style=\"text-align: justify;\">NOMBRE: Rosa Mar\u00eda Juana Mart\u00ednez.<\/p>\n<p style=\"text-align: justify;\">LUGAR DE NACIMIENTO: Villa Ca\u00f1\u00e1s, Santa Fe.<\/p>\n<p style=\"text-align: justify;\">FECHA DE NACIMIENTO: 23 de febrero.<\/p>\n<p style=\"text-align: justify;\">A\u00d1O DE NACIMIENTO: 1927.<\/p>\n","protected":false},"excerpt":{"rendered":"<p>La diva de los almuerzos, cumple este lunes 88 a\u00f1os. Si bien a ella no le gusta hablar de su edad, la fecha de nacimiento dej\u00f3 de ser una duda hace un par de a\u00f1os, cuando uno de sus hermanos lo ratific\u00f3. Es que el misterio sobre su edad fue creado por ella misma al [&hellip;]<\/p>\n","protected":false},"author":9,"featured_media":36562,"comment_status":"closed","ping_status":"closed","sticky":false,"template":"","format":"standard","meta":{"_seopress_robots_primary_cat":"","_seopress_titles_title":"","_seopress_titles_desc":"","_seopress_robots_index":"","footnotes":""},"categories":[4],"tags":[12190,12189],"class_list":{"0":"post-36560","1":"post","2":"type-post","3":"status-publish","4":"format-standard","5":"has-post-thumbnail","7":"category-famosos","8":"tag-cuantos-anos-tiene-mirtha","9":"tag-cumpleanos-de-mirtha-legrand"},"_links":{"self":[{"href":"https:\/\/www.cordobatimes.com\/showup\/wp-json\/wp\/v2\/posts\/36560","targetHints":{"allow":["GET"]}}],"collection":[{"href":"https:\/\/www.cordobatimes.com\/showup\/wp-json\/wp\/v2\/posts"}],"about":[{"href":"https:\/\/www.cordobatimes.com\/showup\/wp-json\/wp\/v2\/types\/post"}],"author":[{"embeddable":true,"href":"https:\/\/www.cordobatimes.com\/showup\/wp-json\/wp\/v2\/users\/9"}],"replies":[{"embeddable":true,"href":"https:\/\/www.cordobatimes.com\/showup\/wp-json\/wp\/v2\/comments?post=36560"}],"version-history":[{"count":0,"href":"https:\/\/www.cordobatimes.com\/showup\/wp-json\/wp\/v2\/posts\/36560\/revisions"}],"wp:featuredmedia":[{"embeddable":true,"href":"https:\/\/www.cordobatimes.com\/showup\/wp-json\/wp\/v2\/media\/36562"}],"wp:attachment":[{"href":"https:\/\/www.cordobatimes.com\/showup\/wp-json\/wp\/v2\/media?parent=36560"}],"wp:term":[{"taxonomy":"category","embeddable":true,"href":"https:\/\/www.cordobatimes.com\/showup\/wp-json\/wp\/v2\/categories?post=36560"},{"taxonomy":"post_tag","embeddable":true,"href":"https:\/\/www.cordobatimes.com\/showup\/wp-json\/wp\/v2\/tags?post=36560"}],"curies":[{"name":"wp","href":"https:\/\/api.w.org\/{rel}","templated":true}]}}