{"id":36552,"date":"2015-02-23T16:36:41","date_gmt":"2015-02-23T19:36:41","guid":{"rendered":"http:\/\/cordobatimes.com\/showup\/?p=36552"},"modified":"2020-02-15T17:05:18","modified_gmt":"2020-02-15T20:05:18","slug":"no-te-pierdas-los-tres-momentos-mas-polemicos-de-los-oscar","status":"publish","type":"post","link":"https:\/\/www.cordobatimes.com\/showup\/curiosidades\/2015\/02\/23\/no-te-pierdas-los-tres-momentos-mas-polemicos-de-los-oscar\/","title":{"rendered":"No te pierdas los tres momentos m\u00e1s pol\u00e9micos de los Oscar"},"content":{"rendered":"<h3 style=\"text-align: justify;\"><strong>La ceremonia que se celebr\u00f3 este domingo en el teatro Dolby de Los \u00c1ngeles ser\u00e1 recordada como la de la consagraci\u00f3n de Alejandro Gonz\u00e1lez I\u00f1\u00e1rritu, ya que su pel\u00edcula \u00abBirdman\u00bb logr\u00f3 cuatro estatuillas, incluidas las de mejor filme y mejor director.<\/strong><\/h3>\n<p style=\"text-align: justify;\">Pero si de artistas se trata, siempre, hay alg\u00fan que otro episodio para recordar. Este a\u00f1o hubieron importantes momentos que ser\u00e1n recordados por a\u00f1os luego de haber sorprendido a los miles de espectadores.<\/p>\n<p style=\"text-align: justify;\">Desde Show Up marcamos tres como los m\u00e1s relevantes.<\/p>\n<p style=\"text-align: justify;\">No te los pierdas.<\/p>\n<p style=\"text-align: justify;\">1- Neil Patrick Harris aparece en calzoncillos sobre el escenario del teatro Dolby<\/p>\n<p>Como les contamos, Neil Patrick Harris arranc\u00f3 con fuerza su tarea de maestro de ceremonias con un entretenido n\u00famero musical, aunque a medida que la gala avanz\u00f3 sus intervenciones fue perdiendo energ\u00eda.<br \/>\nA excepci\u00f3n de unas cuantas bromas graciosas, el actor apareci\u00f3 desganado por momentos y al final, quiz\u00e1s su intervenci\u00f3n m\u00e1s recordada de este domingo ser\u00e1 en la que, haciendo un gui\u00f1o a la pel\u00edcula \u00abBirdman\u00bb, apareci\u00f3 en ropa interior frente al p\u00fablico.<\/p>\n<p style=\"text-align: justify;\">El consenso al final de la gala fue que Harris no acab\u00f3 de estar a la altura a la hora de conducir una ceremonia que, con tantos premios por repartir, s\u00f3lo un buen anfitri\u00f3n puede hacer que sea amena.<\/p>\n<p style=\"text-align: justify;\"><a href=\"http:\/\/cordobatimes.com\/showup\/wp-content\/uploads\/2015\/02\/oscar-1.jpg\"><img loading=\"lazy\" decoding=\"async\" class=\"alignnone size-full wp-image-36569\" src=\"http:\/\/cordobatimes.com\/showup\/wp-content\/uploads\/2015\/02\/oscar-1.jpg\" alt=\"oscar 1\" width=\"660\" height=\"371\" data-id=\"36569\" srcset=\"https:\/\/www.cordobatimes.com\/showup\/wp-content\/uploads\/2015\/02\/oscar-1.jpg 660w, https:\/\/www.cordobatimes.com\/showup\/wp-content\/uploads\/2015\/02\/oscar-1-300x168.jpg 300w\" sizes=\"auto, (max-width: 660px) 100vw, 660px\" \/><\/a><\/p>\n<p>2- \u00a0Sean Penn hizo referencia al visado de Alejandro G. I\u00f1\u00e1rritu con un comentario racista<\/p>\n<p>Era el momento m\u00e1s esperado de la noche. Se iba a saber qu\u00e9 pel\u00edcula hab\u00eda logrado el Oscar al mejor filme del a\u00f1o y el actor Sean Penn era el encargado de hacer el anuncio.<br \/>\nPenn abri\u00f3 el sobre, hizo una larga pausa y dijo antes de anunciar a \u00abBirdman\u00bb como ganadora: \u00ab\u00bfQui\u00e9n le dio a este hijo de puta su visado?\u00bb.<\/p>\n<p>Si bien evidentemente se trat\u00f3 de una broma, el comentario no fue bien recibido en las redes sociales. El t\u00e9rmino \u00abgreen card\u00bb, documento necesario para trabajar en Estados Unidos, se volvi\u00f3 trending con m\u00e1s de 28,000 mensajes. Tanto periodistas como espectadores lo tildaron de \u00abracista\u00bb y falto de sensibilidad.<\/p>\n<p><a href=\"http:\/\/cordobatimes.com\/showup\/wp-content\/uploads\/2015\/02\/oscar-2.jpg\"><img loading=\"lazy\" decoding=\"async\" class=\"alignnone size-full wp-image-36570\" src=\"http:\/\/cordobatimes.com\/showup\/wp-content\/uploads\/2015\/02\/oscar-2.jpg\" alt=\"oscar 2\" width=\"1024\" height=\"768\" data-id=\"36570\" srcset=\"https:\/\/www.cordobatimes.com\/showup\/wp-content\/uploads\/2015\/02\/oscar-2.jpg 1024w, https:\/\/www.cordobatimes.com\/showup\/wp-content\/uploads\/2015\/02\/oscar-2-300x225.jpg 300w\" sizes=\"auto, (max-width: 1024px) 100vw, 1024px\" \/><\/a><\/p>\n<p>&nbsp;<\/p>\n<p>3- El pedido de igualdad de g\u00e9nero estuvo presente en la entrega de la mano de Patricia Arquette.<\/p>\n<p>Patricia Arquette sab\u00eda que ten\u00eda muchas posibilidades de llevarse el Oscar a la mejor actriz secundaria y quiz\u00e1s, para aprovechar la visibilidad del momento, llevaba preparado un discurso reivindicativo.<br \/>\n\u00abHemos luchado por la igualdad de derechos de todo el mundo. Ya es hora de que haya igualdad de salarios de una vez por todas e igualdad de derechos para las mujeres en los Estados Unidos de Am\u00e9rica\u00bb, asegur\u00f3 Arquette, mientras la veterana Meryl Streep y la cantante Jennifer L\u00f3pez la vitoreaban.<\/p>\n<p><a href=\"http:\/\/cordobatimes.com\/showup\/wp-content\/uploads\/2015\/02\/oscar-3.jpg\"><img loading=\"lazy\" decoding=\"async\" class=\"alignnone size-full wp-image-36571\" src=\"http:\/\/cordobatimes.com\/showup\/wp-content\/uploads\/2015\/02\/oscar-3.jpg\" alt=\"oscar 3\" width=\"625\" height=\"351\" data-id=\"36571\" srcset=\"https:\/\/www.cordobatimes.com\/showup\/wp-content\/uploads\/2015\/02\/oscar-3.jpg 625w, https:\/\/www.cordobatimes.com\/showup\/wp-content\/uploads\/2015\/02\/oscar-3-300x168.jpg 300w\" sizes=\"auto, (max-width: 625px) 100vw, 625px\" \/><\/a><\/p>\n","protected":false},"excerpt":{"rendered":"<p>La ceremonia que se celebr\u00f3 este domingo en el teatro Dolby de Los \u00c1ngeles ser\u00e1 recordada como la de la consagraci\u00f3n de Alejandro Gonz\u00e1lez I\u00f1\u00e1rritu, ya que su pel\u00edcula \u00abBirdman\u00bb logr\u00f3 cuatro estatuillas, incluidas las de mejor filme y mejor director. Pero si de artistas se trata, siempre, hay alg\u00fan que otro episodio para recordar. [&hellip;]<\/p>\n","protected":false},"author":9,"featured_media":36572,"comment_status":"closed","ping_status":"closed","sticky":false,"template":"","format":"standard","meta":{"_seopress_robots_primary_cat":"","_seopress_titles_title":"","_seopress_titles_desc":"","_seopress_robots_index":"","footnotes":""},"categories":[8],"tags":[12191,29709],"class_list":{"0":"post-36552","1":"post","2":"type-post","3":"status-publish","4":"format-standard","5":"has-post-thumbnail","7":"category-curiosidades","8":"tag-curiosidades-de-los-oscar","9":"tag-premios-oscars-2015"},"_links":{"self":[{"href":"https:\/\/www.cordobatimes.com\/showup\/wp-json\/wp\/v2\/posts\/36552","targetHints":{"allow":["GET"]}}],"collection":[{"href":"https:\/\/www.cordobatimes.com\/showup\/wp-json\/wp\/v2\/posts"}],"about":[{"href":"https:\/\/www.cordobatimes.com\/showup\/wp-json\/wp\/v2\/types\/post"}],"author":[{"embeddable":true,"href":"https:\/\/www.cordobatimes.com\/showup\/wp-json\/wp\/v2\/users\/9"}],"replies":[{"embeddable":true,"href":"https:\/\/www.cordobatimes.com\/showup\/wp-json\/wp\/v2\/comments?post=36552"}],"version-history":[{"count":0,"href":"https:\/\/www.cordobatimes.com\/showup\/wp-json\/wp\/v2\/posts\/36552\/revisions"}],"wp:featuredmedia":[{"embeddable":true,"href":"https:\/\/www.cordobatimes.com\/showup\/wp-json\/wp\/v2\/media\/36572"}],"wp:attachment":[{"href":"https:\/\/www.cordobatimes.com\/showup\/wp-json\/wp\/v2\/media?parent=36552"}],"wp:term":[{"taxonomy":"category","embeddable":true,"href":"https:\/\/www.cordobatimes.com\/showup\/wp-json\/wp\/v2\/categories?post=36552"},{"taxonomy":"post_tag","embeddable":true,"href":"https:\/\/www.cordobatimes.com\/showup\/wp-json\/wp\/v2\/tags?post=36552"}],"curies":[{"name":"wp","href":"https:\/\/api.w.org\/{rel}","templated":true}]}}