{"id":36500,"date":"2015-02-21T17:04:17","date_gmt":"2015-02-21T20:04:17","guid":{"rendered":"http:\/\/cordobatimes.com\/showup\/?p=36500"},"modified":"2020-02-16T08:54:50","modified_gmt":"2020-02-16T11:54:50","slug":"la-segunda-parte-de-50-sombras-de-grey-llegaria-en-el-2017","status":"publish","type":"post","link":"https:\/\/www.cordobatimes.com\/showup\/cine-y-series\/2015\/02\/21\/la-segunda-parte-de-50-sombras-de-grey-llegaria-en-el-2017\/","title":{"rendered":"La segunda parte de \u00ab50 Sombras de Grey\u00bb llegar\u00eda en el 2017"},"content":{"rendered":"<h3 style=\"text-align: justify;\"><strong>El esperado film lleg\u00f3 a las salas de cine y fue un \u00e9xito rotundo tal y como era de esperarse.\u00a0<\/strong><\/h3>\n<p style=\"text-align: justify;\">Lo cierto es que \u00a0para quienes disfrutaron la pel\u00edcula de la primera parte de la trilog\u00eda, les informamos que para que puedan repetirlo con la secuela, falta mucho tiempo pero llegar\u00e1<\/p>\n<p style=\"text-align: justify;\">Seg\u00fan pudo saber este portal, la autora de los tres libros, E.L. James quiere tener m\u00e1s control sobre el gui\u00f3n de la segunda entrega de la trilog\u00eda er\u00f3tica es as\u00ed como lo inform\u00f3 en exclusiva Variety.<\/p>\n<p style=\"text-align: justify;\">El retraso de la producci\u00f3n de la secuela responde a las discrepancias sobre varios detalles por ambas partes.<\/p>\n<p style=\"text-align: justify;\">James y la directora del primer film, Taylor-Johnson luchaban constantemente en el set y en la sala de edici\u00f3n de los detalles que rodean la pel\u00edcula.<\/p>\n<p style=\"text-align: justify;\">Pero lo importante se\u00f1oritas es que, aunque deberemos esperar, la segunda entrega se ver\u00e1 en el 2017.<\/p>\n","protected":false},"excerpt":{"rendered":"<p>El esperado film lleg\u00f3 a las salas de cine y fue un \u00e9xito rotundo tal y como era de esperarse.\u00a0 Lo cierto es que \u00a0para quienes disfrutaron la pel\u00edcula de la primera parte de la trilog\u00eda, les informamos que para que puedan repetirlo con la secuela, falta mucho tiempo pero llegar\u00e1 Seg\u00fan pudo saber este [&hellip;]<\/p>\n","protected":false},"author":9,"featured_media":36518,"comment_status":"closed","ping_status":"closed","sticky":false,"template":"","format":"standard","meta":{"_seopress_robots_primary_cat":"","_seopress_titles_title":"","_seopress_titles_desc":"","_seopress_robots_index":"","footnotes":""},"categories":[3],"tags":[12164],"class_list":{"0":"post-36500","1":"post","2":"type-post","3":"status-publish","4":"format-standard","5":"has-post-thumbnail","7":"category-cine-y-series","8":"tag-2da-parte-de-50-sobras-de-grey"},"_links":{"self":[{"href":"https:\/\/www.cordobatimes.com\/showup\/wp-json\/wp\/v2\/posts\/36500","targetHints":{"allow":["GET"]}}],"collection":[{"href":"https:\/\/www.cordobatimes.com\/showup\/wp-json\/wp\/v2\/posts"}],"about":[{"href":"https:\/\/www.cordobatimes.com\/showup\/wp-json\/wp\/v2\/types\/post"}],"author":[{"embeddable":true,"href":"https:\/\/www.cordobatimes.com\/showup\/wp-json\/wp\/v2\/users\/9"}],"replies":[{"embeddable":true,"href":"https:\/\/www.cordobatimes.com\/showup\/wp-json\/wp\/v2\/comments?post=36500"}],"version-history":[{"count":0,"href":"https:\/\/www.cordobatimes.com\/showup\/wp-json\/wp\/v2\/posts\/36500\/revisions"}],"wp:featuredmedia":[{"embeddable":true,"href":"https:\/\/www.cordobatimes.com\/showup\/wp-json\/wp\/v2\/media\/36518"}],"wp:attachment":[{"href":"https:\/\/www.cordobatimes.com\/showup\/wp-json\/wp\/v2\/media?parent=36500"}],"wp:term":[{"taxonomy":"category","embeddable":true,"href":"https:\/\/www.cordobatimes.com\/showup\/wp-json\/wp\/v2\/categories?post=36500"},{"taxonomy":"post_tag","embeddable":true,"href":"https:\/\/www.cordobatimes.com\/showup\/wp-json\/wp\/v2\/tags?post=36500"}],"curies":[{"name":"wp","href":"https:\/\/api.w.org\/{rel}","templated":true}]}}