{"id":36498,"date":"2015-02-21T16:04:29","date_gmt":"2015-02-21T19:04:29","guid":{"rendered":"http:\/\/cordobatimes.com\/showup\/?p=36498"},"modified":"2020-02-16T09:11:35","modified_gmt":"2020-02-16T12:11:35","slug":"natalia-oreiro-estara-entre-canibales","status":"publish","type":"post","link":"https:\/\/www.cordobatimes.com\/showup\/tv\/2015\/02\/21\/natalia-oreiro-estara-entre-canibales\/","title":{"rendered":"Natalia Oreiro estar\u00e1 \u00abEntre Can\u00edbales\u00bb"},"content":{"rendered":"<h3 style=\"text-align: justify;\"><strong>La bella morocha regresa a la pantalla de Telefe con una ficci\u00f3n que protagonizar\u00e1 junto a Benjam\u00edn Vicu\u00f1a y Joaqu\u00edn Furriel, y que ser\u00e1 dirigida por Juan Jos\u00e9 Campanella.<\/strong><\/h3>\n<p style=\"text-align: justify;\">Esta historia de amor y venganza ya tiene t\u00edtulo, se llamar\u00e1 \u00abEntre can\u00edbales\u00bb y la actriz uruguaya se pondr\u00e1 en la piel de Ariana, una mujer que a sus 17 a\u00f1os fue violada brutalmente por cuatro hombres y que, 20 a\u00f1os despu\u00e9s, regresar\u00e1 buscando venganza.<\/p>\n<p style=\"text-align: justify;\">Sin embargo, se encontrar\u00e1 con que una de las personas que le arrebat\u00f3 su inocencia y es un pol\u00edtico, interpretado por el actor chileno Benjam\u00edn Vicu\u00f1a.<\/p>\n<p style=\"text-align: justify;\">Joaqu\u00edn Furriel, por su parte, ser\u00e1 candidato a presidente y uno de los que tambi\u00e9n se disputar\u00e1 el amor de Ariana.<\/p>\n","protected":false},"excerpt":{"rendered":"<p>La bella morocha regresa a la pantalla de Telefe con una ficci\u00f3n que protagonizar\u00e1 junto a Benjam\u00edn Vicu\u00f1a y Joaqu\u00edn Furriel, y que ser\u00e1 dirigida por Juan Jos\u00e9 Campanella. Esta historia de amor y venganza ya tiene t\u00edtulo, se llamar\u00e1 \u00abEntre can\u00edbales\u00bb y la actriz uruguaya se pondr\u00e1 en la piel de Ariana, una mujer [&hellip;]<\/p>\n","protected":false},"author":9,"featured_media":36509,"comment_status":"closed","ping_status":"closed","sticky":false,"template":"","format":"standard","meta":{"_seopress_robots_primary_cat":"","_seopress_titles_title":"","_seopress_titles_desc":"","_seopress_robots_index":"","footnotes":""},"categories":[2],"tags":[29714],"class_list":{"0":"post-36498","1":"post","2":"type-post","3":"status-publish","4":"format-standard","5":"has-post-thumbnail","7":"category-tv","8":"tag-entre-canibales-novela"},"_links":{"self":[{"href":"https:\/\/www.cordobatimes.com\/showup\/wp-json\/wp\/v2\/posts\/36498","targetHints":{"allow":["GET"]}}],"collection":[{"href":"https:\/\/www.cordobatimes.com\/showup\/wp-json\/wp\/v2\/posts"}],"about":[{"href":"https:\/\/www.cordobatimes.com\/showup\/wp-json\/wp\/v2\/types\/post"}],"author":[{"embeddable":true,"href":"https:\/\/www.cordobatimes.com\/showup\/wp-json\/wp\/v2\/users\/9"}],"replies":[{"embeddable":true,"href":"https:\/\/www.cordobatimes.com\/showup\/wp-json\/wp\/v2\/comments?post=36498"}],"version-history":[{"count":0,"href":"https:\/\/www.cordobatimes.com\/showup\/wp-json\/wp\/v2\/posts\/36498\/revisions"}],"wp:featuredmedia":[{"embeddable":true,"href":"https:\/\/www.cordobatimes.com\/showup\/wp-json\/wp\/v2\/media\/36509"}],"wp:attachment":[{"href":"https:\/\/www.cordobatimes.com\/showup\/wp-json\/wp\/v2\/media?parent=36498"}],"wp:term":[{"taxonomy":"category","embeddable":true,"href":"https:\/\/www.cordobatimes.com\/showup\/wp-json\/wp\/v2\/categories?post=36498"},{"taxonomy":"post_tag","embeddable":true,"href":"https:\/\/www.cordobatimes.com\/showup\/wp-json\/wp\/v2\/tags?post=36498"}],"curies":[{"name":"wp","href":"https:\/\/api.w.org\/{rel}","templated":true}]}}