{"id":36492,"date":"2015-02-21T16:18:35","date_gmt":"2015-02-21T19:18:35","guid":{"rendered":"http:\/\/cordobatimes.com\/showup\/?p=36492"},"modified":"2020-02-16T09:09:54","modified_gmt":"2020-02-16T12:09:54","slug":"el-clan-estreno-alucinante-trailer-video","status":"publish","type":"post","link":"https:\/\/www.cordobatimes.com\/showup\/cine-y-series\/2015\/02\/21\/el-clan-estreno-alucinante-trailer-video\/","title":{"rendered":"\u00abEl Clan\u00bb estren\u00f3 alucinante tr\u00e1iler (Video)"},"content":{"rendered":"<h3 style=\"text-align: justify;\"><strong>Hace horas se difundi\u00f3 un avance de la pel\u00edcula de Pablo Trapero, que relata la historia de la pol\u00e9mica familia Puccio.<\/strong><\/h3>\n<p style=\"text-align: justify;\">El filme, que se estrenar\u00e1 en agosto, est\u00e1 protagonizada por Guillermo Francella y Peter Lanzani y pretende ser uno de los \u00e9xitos del a\u00f1o.<\/p>\n<p style=\"text-align: justify;\">En el tr\u00e1iler, sorprende ver a un Francella completamente canoso y muy serio en su papel de Arqu\u00edmedes, el l\u00edder de la familia.<\/p>\n<p style=\"text-align: justify;\">Por su parte, el joven actor se pondr\u00e1 en la piel del hijo rugbier, Alejandro.<\/p>\n<p style=\"text-align: justify;\">No te lo pierdas.<\/p>\n<p><iframe loading=\"lazy\" src=\"https:\/\/www.youtube.com\/embed\/PD9XISvk3ow\" width=\"560\" height=\"315\" frameborder=\"0\" allowfullscreen=\"allowfullscreen\"><\/iframe><\/p>\n","protected":false},"excerpt":{"rendered":"<p>Hace horas se difundi\u00f3 un avance de la pel\u00edcula de Pablo Trapero, que relata la historia de la pol\u00e9mica familia Puccio. El filme, que se estrenar\u00e1 en agosto, est\u00e1 protagonizada por Guillermo Francella y Peter Lanzani y pretende ser uno de los \u00e9xitos del a\u00f1o. En el tr\u00e1iler, sorprende ver a un Francella completamente canoso [&hellip;]<\/p>\n","protected":false},"author":9,"featured_media":36511,"comment_status":"closed","ping_status":"closed","sticky":false,"template":"","format":"standard","meta":{"_seopress_robots_primary_cat":"","_seopress_titles_title":"","_seopress_titles_desc":"","_seopress_robots_index":"","footnotes":""},"categories":[3],"tags":[29713,29712],"class_list":{"0":"post-36492","1":"post","2":"type-post","3":"status-publish","4":"format-standard","5":"has-post-thumbnail","7":"category-cine-y-series","8":"tag-la-historia-de-la-familia-puccio","9":"tag-trailer-de-el-clan"},"_links":{"self":[{"href":"https:\/\/www.cordobatimes.com\/showup\/wp-json\/wp\/v2\/posts\/36492","targetHints":{"allow":["GET"]}}],"collection":[{"href":"https:\/\/www.cordobatimes.com\/showup\/wp-json\/wp\/v2\/posts"}],"about":[{"href":"https:\/\/www.cordobatimes.com\/showup\/wp-json\/wp\/v2\/types\/post"}],"author":[{"embeddable":true,"href":"https:\/\/www.cordobatimes.com\/showup\/wp-json\/wp\/v2\/users\/9"}],"replies":[{"embeddable":true,"href":"https:\/\/www.cordobatimes.com\/showup\/wp-json\/wp\/v2\/comments?post=36492"}],"version-history":[{"count":0,"href":"https:\/\/www.cordobatimes.com\/showup\/wp-json\/wp\/v2\/posts\/36492\/revisions"}],"wp:featuredmedia":[{"embeddable":true,"href":"https:\/\/www.cordobatimes.com\/showup\/wp-json\/wp\/v2\/media\/36511"}],"wp:attachment":[{"href":"https:\/\/www.cordobatimes.com\/showup\/wp-json\/wp\/v2\/media?parent=36492"}],"wp:term":[{"taxonomy":"category","embeddable":true,"href":"https:\/\/www.cordobatimes.com\/showup\/wp-json\/wp\/v2\/categories?post=36492"},{"taxonomy":"post_tag","embeddable":true,"href":"https:\/\/www.cordobatimes.com\/showup\/wp-json\/wp\/v2\/tags?post=36492"}],"curies":[{"name":"wp","href":"https:\/\/api.w.org\/{rel}","templated":true}]}}