{"id":36450,"date":"2015-02-20T15:38:13","date_gmt":"2015-02-20T18:38:13","guid":{"rendered":"http:\/\/cordobatimes.com\/showup\/?p=36450"},"modified":"2020-02-16T10:14:44","modified_gmt":"2020-02-16T13:14:44","slug":"dario-barassi-se-caso-en-secreto","status":"publish","type":"post","link":"https:\/\/www.cordobatimes.com\/showup\/famosos\/2015\/02\/20\/dario-barassi-se-caso-en-secreto\/","title":{"rendered":"Dar\u00edo Barassi se cas\u00f3 en secreto"},"content":{"rendered":"<h3 style=\"text-align: justify;\"><strong>El divertido actor de \u00abViudas e Hijos\u00bb dijo \u00abS\u00ed, acepto\u00bb despu\u00e9s de m\u00e1s de dos a\u00f1os de noviazgo.\u00a0<\/strong><\/h3>\n<p style=\"text-align: justify;\">Barassi contrajo matrimonio con Luc\u00eda Centuri\u00f3n a qui\u00e9n conoci\u00f3 \u00a0hace varios a\u00f1os ya, por medio de sus amigos.<\/p>\n<p style=\"text-align: justify;\">\u00abElla es sanjuanina, como yo. La conoc\u00ed en un grupo de amigos en com\u00fan de nuestra provincia. La qu\u00edmica entre los dos fue inmediata\u00bb, aseguraba al anunciar su boda.<\/p>\n<p style=\"text-align: justify;\">\u00abSab\u00eda que Luc\u00eda iba a ser la mujer con la que quer\u00eda pasar toda la vida. Tuve que remar bastante pero despu\u00e9s de algunos a\u00f1os este gordo se gan\u00f3 su chance y la jug\u00f3 a fondo\u00bb.<\/p>\n<p style=\"text-align: justify;\">Respecto a c\u00f3mo le prepuso casamiento, Dar\u00edo cont\u00f3 que lo hizo de una manera muy cursi y a la antigua. \u00abLo que tengo de gordo lo tengo de cursi. Le arm\u00e9 un video donde muchos amigos le daban motivos para que aceptara y hasta me puse un mo\u00f1o. Dej\u00e9 todo en la cancha. Si me dec\u00eda que no, ten\u00eda que emigrar\u00bb, contaba con su caracter\u00edstico humor.<\/p>\n<p style=\"text-align: justify;\">El pr\u00f3ximo 28 de febrero, los reci\u00e9n casados festejar\u00e1n con una fiesta s\u00faper exclusiva en La Rural y luego se ir\u00e1n de luna de miel a Europa, donde recorrer\u00e1n el antiguo continente por m\u00e1s de un mes.<\/p>\n","protected":false},"excerpt":{"rendered":"<p>El divertido actor de \u00abViudas e Hijos\u00bb dijo \u00abS\u00ed, acepto\u00bb despu\u00e9s de m\u00e1s de dos a\u00f1os de noviazgo.\u00a0 Barassi contrajo matrimonio con Luc\u00eda Centuri\u00f3n a qui\u00e9n conoci\u00f3 \u00a0hace varios a\u00f1os ya, por medio de sus amigos. \u00abElla es sanjuanina, como yo. La conoc\u00ed en un grupo de amigos en com\u00fan de nuestra provincia. La qu\u00edmica [&hellip;]<\/p>\n","protected":false},"author":9,"featured_media":36451,"comment_status":"closed","ping_status":"closed","sticky":false,"template":"","format":"standard","meta":{"_seopress_robots_primary_cat":"","_seopress_titles_title":"","_seopress_titles_desc":"","_seopress_robots_index":"","footnotes":""},"categories":[4],"tags":[29719],"class_list":{"0":"post-36450","1":"post","2":"type-post","3":"status-publish","4":"format-standard","5":"has-post-thumbnail","7":"category-famosos","8":"tag-dario-barassi-y-lucia-centurion"},"_links":{"self":[{"href":"https:\/\/www.cordobatimes.com\/showup\/wp-json\/wp\/v2\/posts\/36450","targetHints":{"allow":["GET"]}}],"collection":[{"href":"https:\/\/www.cordobatimes.com\/showup\/wp-json\/wp\/v2\/posts"}],"about":[{"href":"https:\/\/www.cordobatimes.com\/showup\/wp-json\/wp\/v2\/types\/post"}],"author":[{"embeddable":true,"href":"https:\/\/www.cordobatimes.com\/showup\/wp-json\/wp\/v2\/users\/9"}],"replies":[{"embeddable":true,"href":"https:\/\/www.cordobatimes.com\/showup\/wp-json\/wp\/v2\/comments?post=36450"}],"version-history":[{"count":0,"href":"https:\/\/www.cordobatimes.com\/showup\/wp-json\/wp\/v2\/posts\/36450\/revisions"}],"wp:featuredmedia":[{"embeddable":true,"href":"https:\/\/www.cordobatimes.com\/showup\/wp-json\/wp\/v2\/media\/36451"}],"wp:attachment":[{"href":"https:\/\/www.cordobatimes.com\/showup\/wp-json\/wp\/v2\/media?parent=36450"}],"wp:term":[{"taxonomy":"category","embeddable":true,"href":"https:\/\/www.cordobatimes.com\/showup\/wp-json\/wp\/v2\/categories?post=36450"},{"taxonomy":"post_tag","embeddable":true,"href":"https:\/\/www.cordobatimes.com\/showup\/wp-json\/wp\/v2\/tags?post=36450"}],"curies":[{"name":"wp","href":"https:\/\/api.w.org\/{rel}","templated":true}]}}