{"id":36438,"date":"2015-02-20T15:55:57","date_gmt":"2015-02-20T18:55:57","guid":{"rendered":"http:\/\/cordobatimes.com\/showup\/?p=36438"},"modified":"2020-02-16T10:09:56","modified_gmt":"2020-02-16T13:09:56","slug":"relatos-salvajes-festejo-la-nominacion-en-los-angeles","status":"publish","type":"post","link":"https:\/\/www.cordobatimes.com\/showup\/cine-y-series\/2015\/02\/20\/relatos-salvajes-festejo-la-nominacion-en-los-angeles\/","title":{"rendered":"\u00abRelatos Salvajes\u00bb festej\u00f3 la nominaci\u00f3n en Los \u00c1ngeles"},"content":{"rendered":"<h3 style=\"text-align: justify;\"><strong>La 87\u00aa edici\u00f3n de la ceremonia de los premios Oscar est\u00e1 cada vez m\u00e1s cerca y Argentina estar\u00e1 presente con el film de Dami\u00e1n Szifr\u00f3n que busca ser \u00a0la \u201cMejor pel\u00edcula de habla no inglesa\u201d. <\/strong><\/h3>\n<p style=\"text-align: justify;\">Con el objetivo de celebrar este reconocimiento antes del domingo, el consulado argentino en Los \u00c1ngeles realiz\u00f3 un brindis con el director y los productores.<\/p>\n<p style=\"text-align: justify;\">El encuentro se realiz\u00f3 en la residencia del c\u00f3nsul argentino, Alejandro Luis Casir\u00f3, y fue organizada por la la Embajada Argentina y el Instituto Nacional de Cine y Arte Audiovisuales (INCAA) y Sony Picture Classics, distribuidora del film en Estados Unidos.<\/p>\n<p style=\"text-align: justify;\">El director Szifr\u00f3n junto a sus productores de K&amp;S Films, Mat\u00edas Mosteir\u00edn, Leticia Cristi, Pola Zito, \u00a0Agust\u00edn Almod\u00f3var, \u00a0Esther Garc\u00eday Axel Kuschevatzky (coproductor por Telef\u00e9) compartieron la alegr\u00eda por el gran recorrido de \u201cRelatos salvajes\u201d con la embajadora argentina Cecilia Nah\u00f3n y la presidenta del INCAA Lucrecia Cardoso. Tambi\u00e9n estuvieron presentes miembros del cuerpo diplom\u00e1tico y de la prensa.<\/p>\n<p style=\"text-align: justify;\">La pel\u00edcula protagonizada por Ricardo Dar\u00edn, Oscar Mart\u00ednez, Dar\u00edo Grandinetti, Erica Rivas y Leonardo Sbaraglia, entre otros, llega este viernes a los cines comerciales de Estados Unidos, despu\u00e9s de dos exitosas proyecciones organizadas por la Embajada Argentina, una en el Walter Reade Theater del Film Society of Lincoln Center en la ciudad de Nueva York y la otra en el E-Street en la ciudad de Washington.<\/p>\n<p style=\"text-align: justify;\">En Argentina, a d\u00edas de cumplir seis meses en cartel, \u201cRelatos salvajes\u201d ya fue vista por m\u00e1s de 3.845.000 espectadores.<\/p>\n<p style=\"text-align: justify;\">\n","protected":false},"excerpt":{"rendered":"<p>La 87\u00aa edici\u00f3n de la ceremonia de los premios Oscar est\u00e1 cada vez m\u00e1s cerca y Argentina estar\u00e1 presente con el film de Dami\u00e1n Szifr\u00f3n que busca ser \u00a0la \u201cMejor pel\u00edcula de habla no inglesa\u201d. Con el objetivo de celebrar este reconocimiento antes del domingo, el consulado argentino en Los \u00c1ngeles realiz\u00f3 un brindis con [&hellip;]<\/p>\n","protected":false},"author":9,"featured_media":36453,"comment_status":"closed","ping_status":"closed","sticky":false,"template":"","format":"standard","meta":{"_seopress_robots_primary_cat":"","_seopress_titles_title":"","_seopress_titles_desc":"","_seopress_robots_index":"","footnotes":""},"categories":[3],"tags":[29718],"class_list":{"0":"post-36438","1":"post","2":"type-post","3":"status-publish","4":"format-standard","5":"has-post-thumbnail","7":"category-cine-y-series","8":"tag-relatos-salvajes-mejor-pelicula-de-habla-no-inglesa"},"_links":{"self":[{"href":"https:\/\/www.cordobatimes.com\/showup\/wp-json\/wp\/v2\/posts\/36438","targetHints":{"allow":["GET"]}}],"collection":[{"href":"https:\/\/www.cordobatimes.com\/showup\/wp-json\/wp\/v2\/posts"}],"about":[{"href":"https:\/\/www.cordobatimes.com\/showup\/wp-json\/wp\/v2\/types\/post"}],"author":[{"embeddable":true,"href":"https:\/\/www.cordobatimes.com\/showup\/wp-json\/wp\/v2\/users\/9"}],"replies":[{"embeddable":true,"href":"https:\/\/www.cordobatimes.com\/showup\/wp-json\/wp\/v2\/comments?post=36438"}],"version-history":[{"count":0,"href":"https:\/\/www.cordobatimes.com\/showup\/wp-json\/wp\/v2\/posts\/36438\/revisions"}],"wp:featuredmedia":[{"embeddable":true,"href":"https:\/\/www.cordobatimes.com\/showup\/wp-json\/wp\/v2\/media\/36453"}],"wp:attachment":[{"href":"https:\/\/www.cordobatimes.com\/showup\/wp-json\/wp\/v2\/media?parent=36438"}],"wp:term":[{"taxonomy":"category","embeddable":true,"href":"https:\/\/www.cordobatimes.com\/showup\/wp-json\/wp\/v2\/categories?post=36438"},{"taxonomy":"post_tag","embeddable":true,"href":"https:\/\/www.cordobatimes.com\/showup\/wp-json\/wp\/v2\/tags?post=36438"}],"curies":[{"name":"wp","href":"https:\/\/api.w.org\/{rel}","templated":true}]}}