{"id":36435,"date":"2015-02-21T17:15:24","date_gmt":"2015-02-21T20:15:24","guid":{"rendered":"http:\/\/cordobatimes.com\/showup\/?p=36435"},"modified":"2020-02-16T08:46:05","modified_gmt":"2020-02-16T11:46:05","slug":"impensable-segun-una-teoria-homero-simpson-lleva-22-anos-en-coma","status":"publish","type":"post","link":"https:\/\/www.cordobatimes.com\/showup\/curiosidades\/2015\/02\/21\/impensable-segun-una-teoria-homero-simpson-lleva-22-anos-en-coma\/","title":{"rendered":"\u00a1Impensable! Seg\u00fan una teor\u00eda, Homero Simpson lleva 22 a\u00f1os en coma"},"content":{"rendered":"<h3 style=\"text-align: justify;\"><strong>La sorprendente idea se justifica afirmando que el protagonista de la familia m\u00e1s famosa del mundo se encuentra hospitalizado desde 1993 y todo lo que aconteci\u00f3 a partir de all\u00ed es s\u00f3lo un sue\u00f1o.\u00a0<\/strong><\/h3>\n<p style=\"text-align: justify;\">Seg\u00fan esta teor\u00eda, publicada por Hardtopickaname en Reddit, desde la cuarta temporada todos los episodios de Los Simpson se desarrollan en la mente de Homer, que lleva en coma desde el cap\u00edtulo<\/p>\n<p style=\"text-align: justify;\">Esta teor\u00eda arranca en el tercer episodio de la cuarta temporada de la serie animada de Matt Groening, Homero, el hereje. Durante el cap\u00edtulo, Homero mantiene una profunda conversaci\u00f3n con Dios sobre el sentido de la vida en la que Dios le responde que descubrir\u00e1 la respuesta cuando muera.<\/p>\n<p style=\"text-align: justify;\">Ante esto, Homero le contesta: \u00ab\u00bfNo puedo esperar tanto?\u00bb y Dios responde: \u00ab\u00bfNo puedes esperar seis meses?\u00bb<\/p>\n<p style=\"text-align: justify;\">Exactamente seis meses despu\u00e9s, una jugarreta de Bart acaba con Homero en el hospital en estado de coma, al final del episodio se despierta, pero seg\u00fan esta teor\u00eda todav\u00eda est\u00e1 en coma y todo lo acontecido desde este momento sucede solo en su cabeza.<\/p>\n<p style=\"text-align: justify;\">Esta teor\u00eda explicar\u00eda porqu\u00e9 Bart, Lisa, Maggie y el resto de habitantes de Springfield no crecen. Pero, en su subconsciente pasa el tiempo, de modo que su mente \u00abactualiza\u00bb a menudo sus recuerdos.<\/p>\n<p style=\"text-align: justify;\">Lo cierto es que este supuesto ha sido desmentido por uno de los productores del dibujo, Al Jean: \u00abSignificar\u00eda que en 1993 d\u00e1bamos por hecho que la serie iba a continuar durante a\u00f1os\u00bb, arranca Jean y a\u00f1ade: \u00abme temo que esta teor\u00eda se une a la de &#8216;Bart est\u00e1 muerto&#8217; en el archivo de interesante, pero falso\u00bb, explica el productor a TMZ.<\/p>\n<p style=\"text-align: justify;\">Fuente: culturaocio.com<\/p>\n","protected":false},"excerpt":{"rendered":"<p>La sorprendente idea se justifica afirmando que el protagonista de la familia m\u00e1s famosa del mundo se encuentra hospitalizado desde 1993 y todo lo que aconteci\u00f3 a partir de all\u00ed es s\u00f3lo un sue\u00f1o.\u00a0 Seg\u00fan esta teor\u00eda, publicada por Hardtopickaname en Reddit, desde la cuarta temporada todos los episodios de Los Simpson se desarrollan en [&hellip;]<\/p>\n","protected":false},"author":9,"featured_media":36520,"comment_status":"closed","ping_status":"closed","sticky":false,"template":"","format":"standard","meta":{"_seopress_robots_primary_cat":"","_seopress_titles_title":"","_seopress_titles_desc":"","_seopress_robots_index":"","footnotes":""},"categories":[8],"tags":[12166,12167],"class_list":{"0":"post-36435","1":"post","2":"type-post","3":"status-publish","4":"format-standard","5":"has-post-thumbnail","7":"category-curiosidades","8":"tag-homero-en-coma","9":"tag-teoria-de-homero-en-coma"},"_links":{"self":[{"href":"https:\/\/www.cordobatimes.com\/showup\/wp-json\/wp\/v2\/posts\/36435","targetHints":{"allow":["GET"]}}],"collection":[{"href":"https:\/\/www.cordobatimes.com\/showup\/wp-json\/wp\/v2\/posts"}],"about":[{"href":"https:\/\/www.cordobatimes.com\/showup\/wp-json\/wp\/v2\/types\/post"}],"author":[{"embeddable":true,"href":"https:\/\/www.cordobatimes.com\/showup\/wp-json\/wp\/v2\/users\/9"}],"replies":[{"embeddable":true,"href":"https:\/\/www.cordobatimes.com\/showup\/wp-json\/wp\/v2\/comments?post=36435"}],"version-history":[{"count":0,"href":"https:\/\/www.cordobatimes.com\/showup\/wp-json\/wp\/v2\/posts\/36435\/revisions"}],"wp:featuredmedia":[{"embeddable":true,"href":"https:\/\/www.cordobatimes.com\/showup\/wp-json\/wp\/v2\/media\/36520"}],"wp:attachment":[{"href":"https:\/\/www.cordobatimes.com\/showup\/wp-json\/wp\/v2\/media?parent=36435"}],"wp:term":[{"taxonomy":"category","embeddable":true,"href":"https:\/\/www.cordobatimes.com\/showup\/wp-json\/wp\/v2\/categories?post=36435"},{"taxonomy":"post_tag","embeddable":true,"href":"https:\/\/www.cordobatimes.com\/showup\/wp-json\/wp\/v2\/tags?post=36435"}],"curies":[{"name":"wp","href":"https:\/\/api.w.org\/{rel}","templated":true}]}}