{"id":36431,"date":"2015-02-20T16:17:40","date_gmt":"2015-02-20T19:17:40","guid":{"rendered":"http:\/\/cordobatimes.com\/showup\/?p=36431"},"modified":"2020-02-16T10:15:16","modified_gmt":"2020-02-16T13:15:16","slug":"el-hombre-del-momento-cinco-curiosidades-que-seguro-no-sabias-de-jamie-dornan","status":"publish","type":"post","link":"https:\/\/www.cordobatimes.com\/showup\/famosos\/2015\/02\/20\/el-hombre-del-momento-cinco-curiosidades-que-seguro-no-sabias-de-jamie-dornan\/","title":{"rendered":"El hombre del momento: cinco curiosidades que seguro no sab\u00edas de Jamie Dornan"},"content":{"rendered":"<h3 style=\"text-align: justify;\"><strong>El actor que da vida Christian Grey en \u00ab50 Sombras de Grey\u00bb, ha pasado de ser un rostro casi an\u00f3nimo a ser uno de los actores m\u00e1s conocidos de todo el planeta. <\/strong><\/h3>\n<p style=\"text-align: justify;\">Personificar al peculiar y ardiente multimillonario le ha cambiado la vida a nivel laboral, pero tambi\u00e9n se la ha perjudicado.<\/p>\n<p style=\"text-align: justify;\">Lo ciento es que el protagonista, junto a Dakota Johnson, de la hasta ahora pel\u00edcula m\u00e1s taquillera del a\u00f1o, tiene man\u00edas que nadie conoc\u00eda hasta el momento.<\/p>\n<p style=\"text-align: justify;\">No te las pierdas.<\/p>\n<p style=\"text-align: justify;\"><span style=\"text-decoration: underline;\"><strong>&#8211; Le incomoda estar sin barba<\/strong><\/span>: \u00a0afirma que se siente muy \u00abinc\u00f3modo\u00bb sin ella. El actor no suele aparecer ante los medios afeitado porque se ve \u00abcomo un ni\u00f1o de cara flaca\u00bb, asegur\u00f3 en The Guardian.<\/p>\n<p style=\"text-align: justify;\"><span style=\"text-decoration: underline;\"><strong>&#8211; Fue modelo de Calvin Klein:<\/strong><\/span> Jamie Dornan ha tenido una exitosa carrera de modelo para marcas como Levi Strauss o Calvin Klein. The Telegraph apodaba al modelo &#8216;torso de oro\u00bb.<\/p>\n<p style=\"text-align: justify;\"><span style=\"text-decoration: underline;\"><strong>&#8211; Es inseguro con su f\u00edsico:<\/strong><\/span> lejos de lo que podr\u00eda parecer despu\u00e9s de su actuaci\u00f3n en \u00ab50 Sombras de Grey\u00bb, a Jamie Dornan le obsesiona su apariencia f\u00edsica y le produce inseguridades. Adem\u00e1s, le hubiera gustado tener m\u00e1s tiempo para prepararse f\u00edsicamente para el papel de Grey. Tambi\u00e9n ha confesado que le averg\u00fcenza su forma de caminar.<\/p>\n<p style=\"text-align: justify;\"><span style=\"text-decoration: underline;\"><strong>&#8211; Estuvo en un grupo musical de \u00abFolk\u00bb:<\/strong> <\/span>adem\u00e1s de modelo y actor \u00a0tambi\u00e9n canta y toca la guitarra. Hace a\u00f1os estuvo en una banda folk llamada \u00abSons of Jim\u00bb. El proyecto no prosper\u00f3 porque le ocupaba demasiado tiempo y energ\u00eda<\/p>\n<p style=\"text-align: justify;\"><span style=\"text-decoration: underline;\"><strong>&#8211; NO es como Christian:<\/strong><\/span> \u00abAlgunas de las cosas que hicimos en la &#8216;habitaci\u00f3n roja&#8217; fueron inc\u00f3modas. Hice cosas con ella que nunca habr\u00eda hecho a una mujer\u00bb, confes\u00f3 Jamie Dornan en la revista Glamour.<\/p>\n<p>&nbsp;<\/p>\n<p>&nbsp;<\/p>\n","protected":false},"excerpt":{"rendered":"<p>El actor que da vida Christian Grey en \u00ab50 Sombras de Grey\u00bb, ha pasado de ser un rostro casi an\u00f3nimo a ser uno de los actores m\u00e1s conocidos de todo el planeta. Personificar al peculiar y ardiente multimillonario le ha cambiado la vida a nivel laboral, pero tambi\u00e9n se la ha perjudicado. Lo ciento es [&hellip;]<\/p>\n","protected":false},"author":9,"featured_media":36458,"comment_status":"closed","ping_status":"closed","sticky":false,"template":"","format":"standard","meta":{"_seopress_robots_primary_cat":"","_seopress_titles_title":"","_seopress_titles_desc":"","_seopress_robots_index":"","footnotes":""},"categories":[4],"tags":[29716,29717],"class_list":{"0":"post-36431","1":"post","2":"type-post","3":"status-publish","4":"format-standard","5":"has-post-thumbnail","7":"category-famosos","8":"tag-datos-curiosos-de-jamie-dornan","9":"tag-datos-que-no-sabias-de-jamie-dornan"},"_links":{"self":[{"href":"https:\/\/www.cordobatimes.com\/showup\/wp-json\/wp\/v2\/posts\/36431","targetHints":{"allow":["GET"]}}],"collection":[{"href":"https:\/\/www.cordobatimes.com\/showup\/wp-json\/wp\/v2\/posts"}],"about":[{"href":"https:\/\/www.cordobatimes.com\/showup\/wp-json\/wp\/v2\/types\/post"}],"author":[{"embeddable":true,"href":"https:\/\/www.cordobatimes.com\/showup\/wp-json\/wp\/v2\/users\/9"}],"replies":[{"embeddable":true,"href":"https:\/\/www.cordobatimes.com\/showup\/wp-json\/wp\/v2\/comments?post=36431"}],"version-history":[{"count":0,"href":"https:\/\/www.cordobatimes.com\/showup\/wp-json\/wp\/v2\/posts\/36431\/revisions"}],"wp:featuredmedia":[{"embeddable":true,"href":"https:\/\/www.cordobatimes.com\/showup\/wp-json\/wp\/v2\/media\/36458"}],"wp:attachment":[{"href":"https:\/\/www.cordobatimes.com\/showup\/wp-json\/wp\/v2\/media?parent=36431"}],"wp:term":[{"taxonomy":"category","embeddable":true,"href":"https:\/\/www.cordobatimes.com\/showup\/wp-json\/wp\/v2\/categories?post=36431"},{"taxonomy":"post_tag","embeddable":true,"href":"https:\/\/www.cordobatimes.com\/showup\/wp-json\/wp\/v2\/tags?post=36431"}],"curies":[{"name":"wp","href":"https:\/\/api.w.org\/{rel}","templated":true}]}}