{"id":36015,"date":"2015-02-03T15:39:24","date_gmt":"2015-02-03T18:39:24","guid":{"rendered":"http:\/\/cordobatimes.com\/showup\/?p=36015"},"modified":"2020-02-16T21:26:30","modified_gmt":"2020-02-17T00:26:30","slug":"acusan-a-enrique-iglesias-de-haber-plagiado-bailando-video","status":"publish","type":"post","link":"https:\/\/www.cordobatimes.com\/showup\/musica\/2015\/02\/03\/acusan-a-enrique-iglesias-de-haber-plagiado-bailando-video\/","title":{"rendered":"Acusan a Enrique Iglesias de haber plagiado \u00abBailando\u00bb (Video)"},"content":{"rendered":"<h3 style=\"text-align: justify;\"><strong>El espa\u00f1ol y el cubano Desdemer Bueno enfrentan una demanda interpuesta por dos cantautores residentes en Miami (EE.UU.) que alegan que la exitosa canci\u00f3n es una copia de un tema que ellos grabaron en 2009.<\/strong><\/h3>\n<p style=\"text-align: justify;\">La demanda fue interpuesta el pasado 26 de enero en una corte federal del Distrito Sureste de Florida por los artistas Cristian Mauricio Escuti y German Schulz, inform\u00f3 la agencia EFE.<\/p>\n<p style=\"text-align: justify;\">Seg\u00fan William Trueba, abogado de los demandantes, \u00ablos coros, la melod\u00eda, las letras y el ritmo\u00bb de \u00abBailando\u00bb son \u00abmuy similares\u00bb a \u00abQuiero bailar contigo\u00bb, una canci\u00f3n de la autor\u00eda de sus clientes.<\/p>\n<p style=\"text-align: justify;\">Adem\u00e1s de Iglesias, Escuti y Schulz demandaron al cubano Descemer Bueno y los integrantes de grupo de la isla caribe\u00f1a Gente D&#8217; Zona, Alexander Delgado y Randy Malcom Mart\u00ednez, as\u00ed como a la discogr\u00e1ficas Sony\/ATV Music Tunes, Universal y EMI April.<\/p>\n<p style=\"text-align: justify;\">\u00abNosotros no sabemos lo que pas\u00f3 entre cuando Escuti y Schulz entregaron una copia de la canci\u00f3n de ellos a Sony en 2012 y cuando la canci\u00f3n de Enrique se public\u00f3. Pero lo que es obvio es que alguien consigui\u00f3 una copia y usaron esa canci\u00f3n\u00bb, asegur\u00f3 Trueba.<\/p>\n<p style=\"text-align: justify;\">El letrado asever\u00f3 que sus clientes nunca obtuvieron respuesta de Sony despu\u00e9s de enviar la canci\u00f3n a dicha casa discogr\u00e1fica y que los demandantes est\u00e1n \u00abdisponibles para tratar de llegar a un acuerdo\u00bb, aunque, en caso contrario, \u00abseguir\u00e1n adelante con el caso\u00bb.<\/p>\n<p style=\"text-align: justify;\">Escuti y Schulz registraron los derechos de autor de \u00abQuiero bailar contigo\u00bb el 27 de abril de 2014 en la oficina federal de derechos de autor.<\/p>\n<p><iframe loading=\"lazy\" src=\"https:\/\/www.youtube.com\/embed\/NUsoVlDFqZg\" width=\"560\" height=\"315\" frameborder=\"0\" allowfullscreen=\"allowfullscreen\"><\/iframe><\/p>\n","protected":false},"excerpt":{"rendered":"<p>El espa\u00f1ol y el cubano Desdemer Bueno enfrentan una demanda interpuesta por dos cantautores residentes en Miami (EE.UU.) que alegan que la exitosa canci\u00f3n es una copia de un tema que ellos grabaron en 2009. La demanda fue interpuesta el pasado 26 de enero en una corte federal del Distrito Sureste de Florida por los [&hellip;]<\/p>\n","protected":false},"author":9,"featured_media":36016,"comment_status":"closed","ping_status":"closed","sticky":false,"template":"","format":"standard","meta":{"_seopress_robots_primary_cat":"","_seopress_titles_title":"","_seopress_titles_desc":"","_seopress_robots_index":"","footnotes":""},"categories":[5],"tags":[29735,29734,29736],"class_list":{"0":"post-36015","1":"post","2":"type-post","3":"status-publish","4":"format-standard","5":"has-post-thumbnail","7":"category-musica","8":"tag-bailando-quiero-bailar-contigo","9":"tag-enrique-iglesias-acusado-de-plagio","10":"tag-enrique-iglesias-bailando"},"_links":{"self":[{"href":"https:\/\/www.cordobatimes.com\/showup\/wp-json\/wp\/v2\/posts\/36015","targetHints":{"allow":["GET"]}}],"collection":[{"href":"https:\/\/www.cordobatimes.com\/showup\/wp-json\/wp\/v2\/posts"}],"about":[{"href":"https:\/\/www.cordobatimes.com\/showup\/wp-json\/wp\/v2\/types\/post"}],"author":[{"embeddable":true,"href":"https:\/\/www.cordobatimes.com\/showup\/wp-json\/wp\/v2\/users\/9"}],"replies":[{"embeddable":true,"href":"https:\/\/www.cordobatimes.com\/showup\/wp-json\/wp\/v2\/comments?post=36015"}],"version-history":[{"count":0,"href":"https:\/\/www.cordobatimes.com\/showup\/wp-json\/wp\/v2\/posts\/36015\/revisions"}],"wp:featuredmedia":[{"embeddable":true,"href":"https:\/\/www.cordobatimes.com\/showup\/wp-json\/wp\/v2\/media\/36016"}],"wp:attachment":[{"href":"https:\/\/www.cordobatimes.com\/showup\/wp-json\/wp\/v2\/media?parent=36015"}],"wp:term":[{"taxonomy":"category","embeddable":true,"href":"https:\/\/www.cordobatimes.com\/showup\/wp-json\/wp\/v2\/categories?post=36015"},{"taxonomy":"post_tag","embeddable":true,"href":"https:\/\/www.cordobatimes.com\/showup\/wp-json\/wp\/v2\/tags?post=36015"}],"curies":[{"name":"wp","href":"https:\/\/api.w.org\/{rel}","templated":true}]}}