{"id":36006,"date":"2015-02-03T15:23:05","date_gmt":"2015-02-03T18:23:05","guid":{"rendered":"http:\/\/cordobatimes.com\/showup\/?p=36006"},"modified":"2020-02-17T08:22:44","modified_gmt":"2020-02-17T11:22:44","slug":"rodrigo-de-la-serna-encarnara-al-papa-francisco","status":"publish","type":"post","link":"https:\/\/www.cordobatimes.com\/showup\/cine-y-series\/2015\/02\/03\/rodrigo-de-la-serna-encarnara-al-papa-francisco\/","title":{"rendered":"Rodrigo de la Serna encarnar\u00e1 al Papa Francisco"},"content":{"rendered":"<h3 style=\"text-align: justify;\"><strong>\u00abLl\u00e1menme Francisco, el Papa de la gente\u00bb, es el nombre que llevar\u00e1 la primer pel\u00edcula biogr\u00e1fica de Jorge Bergoglio y que protagonizar\u00e1 Rodrigo de la Serna y el actor chileno Sergio Hern\u00e1ndez. <\/strong><\/h3>\n<p style=\"text-align: justify;\">La producci\u00f3n del film tiene un presupuesto de 12 millones de d\u00f3lares y el estreno est\u00e1 previsto para el 17 de diciembre de 2015, d\u00eda del cumplea\u00f1os del Papa.<\/p>\n<p style=\"text-align: justify;\">Desde mediados de enero, el reconocido actor argentino se puso en la piel de Francisco, para contar su historia desde su ordenaci\u00f3n sacerdotal hasta la elecci\u00f3n como Sumo Pont\u00edfice.<\/p>\n<p style=\"text-align: justify;\">El rodaje se estima que llevar\u00e1 alrededor de dos meses y est\u00e1 previsto filmar en Buenos Aires, Salta, M\u00fanich y Roma.<\/p>\n<p style=\"text-align: justify;\">El \u00faltimo rodaje se llev\u00f3 a cabo este lunes en el barrio porte\u00f1o de Almagro, en la intersecci\u00f3n de las calles Yapey\u00fa y Don Bosco en donde se lo pudo ver al actor muy contento con la personificaci\u00f3n de Francisco y de excelente humor.<\/p>\n<p style=\"text-align: justify;\">El film, que es una coproducci\u00f3n \u00edtalo-argentina y est\u00e1 dirigida por el italiano Daniele Luchetti, recorre las vivencias de Francisco sobre hitos de la historia argentina como la dictadura militar y los cr\u00edmenes a miembros de la Iglesia. De la Serna encarna al Papa en sus a\u00f1os de juventud mientras que el actor chileno Sergio Hern\u00e1ndez de sus a\u00f1os m\u00e1s recientes.<\/p>\n<p style=\"text-align: justify;\">El elenco se completa con Muriel Santa Ana en el papel de la jueza Alicia Oliveira, Mercedes Mor\u00e1n como Esther Ballestrino, una de las fundadoras de las Madres de Plaza de Mayo, Pompeyo Audivert como el monse\u00f1or Enrique Angelelli, y el espa\u00f1ol Alex Brendemuhl en la piel del padre Franz Jalics, un misionero jesuita secuestrado durante la dictadura.<\/p>\n","protected":false},"excerpt":{"rendered":"<p>\u00abLl\u00e1menme Francisco, el Papa de la gente\u00bb, es el nombre que llevar\u00e1 la primer pel\u00edcula biogr\u00e1fica de Jorge Bergoglio y que protagonizar\u00e1 Rodrigo de la Serna y el actor chileno Sergio Hern\u00e1ndez. La producci\u00f3n del film tiene un presupuesto de 12 millones de d\u00f3lares y el estreno est\u00e1 previsto para el 17 de diciembre de [&hellip;]<\/p>\n","protected":false},"author":9,"featured_media":36007,"comment_status":"closed","ping_status":"closed","sticky":false,"template":"","format":"standard","meta":{"_seopress_robots_primary_cat":"","_seopress_titles_title":"","_seopress_titles_desc":"","_seopress_robots_index":"","footnotes":""},"categories":[3],"tags":[29739,29740,29738],"class_list":{"0":"post-36006","1":"post","2":"type-post","3":"status-publish","4":"format-standard","5":"has-post-thumbnail","7":"category-cine-y-series","8":"tag-llamenme-francisco-el-papa-de-la-gente","9":"tag-llamenme-francisco-el-papa-de-la-gente-pelicula-biografica-de-jorge-bergoglio","10":"tag-rodrigo-de-la-serna-papa-francisco"},"_links":{"self":[{"href":"https:\/\/www.cordobatimes.com\/showup\/wp-json\/wp\/v2\/posts\/36006","targetHints":{"allow":["GET"]}}],"collection":[{"href":"https:\/\/www.cordobatimes.com\/showup\/wp-json\/wp\/v2\/posts"}],"about":[{"href":"https:\/\/www.cordobatimes.com\/showup\/wp-json\/wp\/v2\/types\/post"}],"author":[{"embeddable":true,"href":"https:\/\/www.cordobatimes.com\/showup\/wp-json\/wp\/v2\/users\/9"}],"replies":[{"embeddable":true,"href":"https:\/\/www.cordobatimes.com\/showup\/wp-json\/wp\/v2\/comments?post=36006"}],"version-history":[{"count":0,"href":"https:\/\/www.cordobatimes.com\/showup\/wp-json\/wp\/v2\/posts\/36006\/revisions"}],"wp:featuredmedia":[{"embeddable":true,"href":"https:\/\/www.cordobatimes.com\/showup\/wp-json\/wp\/v2\/media\/36007"}],"wp:attachment":[{"href":"https:\/\/www.cordobatimes.com\/showup\/wp-json\/wp\/v2\/media?parent=36006"}],"wp:term":[{"taxonomy":"category","embeddable":true,"href":"https:\/\/www.cordobatimes.com\/showup\/wp-json\/wp\/v2\/categories?post=36006"},{"taxonomy":"post_tag","embeddable":true,"href":"https:\/\/www.cordobatimes.com\/showup\/wp-json\/wp\/v2\/tags?post=36006"}],"curies":[{"name":"wp","href":"https:\/\/api.w.org\/{rel}","templated":true}]}}