{"id":35803,"date":"2015-01-31T13:40:10","date_gmt":"2015-01-31T16:40:10","guid":{"rendered":"http:\/\/cordobatimes.com\/showup\/?p=35803"},"modified":"2020-02-10T18:17:25","modified_gmt":"2020-02-10T21:17:25","slug":"petitorio-busca-declarar-a-jorge-rial-persona-no-grata-en-cordoba","status":"publish","type":"post","link":"https:\/\/www.cordobatimes.com\/showup\/famosos\/2015\/01\/31\/petitorio-busca-declarar-a-jorge-rial-persona-no-grata-en-cordoba\/","title":{"rendered":"Petitorio busca declarar a Jorge Rial \u00abpersona no grata\u00bb en C\u00f3rdoba"},"content":{"rendered":"<h3 style=\"text-align: justify;\"><strong>Luego de darse a conocer un audio del \u00abintruso\u00bb dialogando con el periodista cordob\u00e9s, en las redes sociales se viraliz\u00f3 una petici\u00f3n que es m\u00e1s que pol\u00e9mica.\u00a0<\/strong><\/h3>\n<p style=\"text-align: justify;\">El petitorio se encuentra en el sitio change.org y \u00a0consiste en declarar a Jorge Rial persona no grata en C\u00f3rdoba a ra\u00edz de los agravios que el conductor dirigi\u00f3 contra Mauricio David (panelista de Insensatos).<\/p>\n<p style=\"text-align: justify;\">En la discusi\u00f3n, Rial tuvo palabras poco felices para con los cordobeses en general y ningune\u00f3 al club Talleres. Por tales motivos el sitio propone juntar las firmas de todos aquellos que est\u00e9n de acuerdo con la siguiente propuesta:<\/p>\n<blockquote>\n<p style=\"text-align: justify;\">\u201cSolicito que el Intendente de Carlos Paz, retire el titulo otorgado de CIUDADANO ILUSTRE a Jorge Rial, y lo declare Persona No Grata.<\/p>\n<p style=\"text-align: justify;\">Que la Provincia de C\u00f3rdoba y su gobernador Jos\u00e9 Manuel de la Sota declare a Jorge Rial, persona No Grata en todo el territorio cordob\u00e9s.<\/p>\n<p style=\"text-align: justify;\">Que los Cordobeses cesen de consumir sus productos, sean estos libros, o en formato televisivo.<\/p>\n<p style=\"text-align: justify;\">Que el INADI act\u00fae sobre este personaje siniestro mult\u00e1ndolo y enjuici\u00e1ndolo por sus comentarios ofensivos, discriminatorios, homof\u00f3bicos y xenof\u00f3bicos\u00bb<\/p>\n<p style=\"text-align: justify;\">\n<\/blockquote>\n<p style=\"text-align: justify;\">El petitorio se encuentra<a href=\"https:\/\/www.change.org\/p\/cordobeses-declarar-a-jorge-rial-persona-no-grata-en-c%C3%B3rdoba-denunciarlo-civilmente?recruiter=70440965&amp;utm_source=share_petition&amp;utm_medium=facebook&amp;utm_campaign=autopublish&amp;utm_term=des-lg-share_petition-reason_msg&amp;fb_ref=Default\" target=\"_blank\" rel=\"noopener noreferrer\"> disponible para ser firmado en la Web.\u00a0<\/a><\/p>\n<p style=\"text-align: justify;\">\n","protected":false},"excerpt":{"rendered":"<p>Luego de darse a conocer un audio del \u00abintruso\u00bb dialogando con el periodista cordob\u00e9s, en las redes sociales se viraliz\u00f3 una petici\u00f3n que es m\u00e1s que pol\u00e9mica.\u00a0 El petitorio se encuentra en el sitio change.org y \u00a0consiste en declarar a Jorge Rial persona no grata en C\u00f3rdoba a ra\u00edz de los agravios que el conductor [&hellip;]<\/p>\n","protected":false},"author":9,"featured_media":35826,"comment_status":"closed","ping_status":"closed","sticky":false,"template":"","format":"standard","meta":{"_seopress_robots_primary_cat":"","_seopress_titles_title":"","_seopress_titles_desc":"","_seopress_robots_index":"","footnotes":""},"categories":[4],"tags":[29587],"class_list":{"0":"post-35803","1":"post","2":"type-post","3":"status-publish","4":"format-standard","5":"has-post-thumbnail","7":"category-famosos","8":"tag-jorge-rial-persona-no-grata-en-cordoba"},"_links":{"self":[{"href":"https:\/\/www.cordobatimes.com\/showup\/wp-json\/wp\/v2\/posts\/35803","targetHints":{"allow":["GET"]}}],"collection":[{"href":"https:\/\/www.cordobatimes.com\/showup\/wp-json\/wp\/v2\/posts"}],"about":[{"href":"https:\/\/www.cordobatimes.com\/showup\/wp-json\/wp\/v2\/types\/post"}],"author":[{"embeddable":true,"href":"https:\/\/www.cordobatimes.com\/showup\/wp-json\/wp\/v2\/users\/9"}],"replies":[{"embeddable":true,"href":"https:\/\/www.cordobatimes.com\/showup\/wp-json\/wp\/v2\/comments?post=35803"}],"version-history":[{"count":0,"href":"https:\/\/www.cordobatimes.com\/showup\/wp-json\/wp\/v2\/posts\/35803\/revisions"}],"wp:featuredmedia":[{"embeddable":true,"href":"https:\/\/www.cordobatimes.com\/showup\/wp-json\/wp\/v2\/media\/35826"}],"wp:attachment":[{"href":"https:\/\/www.cordobatimes.com\/showup\/wp-json\/wp\/v2\/media?parent=35803"}],"wp:term":[{"taxonomy":"category","embeddable":true,"href":"https:\/\/www.cordobatimes.com\/showup\/wp-json\/wp\/v2\/categories?post=35803"},{"taxonomy":"post_tag","embeddable":true,"href":"https:\/\/www.cordobatimes.com\/showup\/wp-json\/wp\/v2\/tags?post=35803"}],"curies":[{"name":"wp","href":"https:\/\/api.w.org\/{rel}","templated":true}]}}