{"id":35801,"date":"2015-01-31T14:01:44","date_gmt":"2015-01-31T17:01:44","guid":{"rendered":"http:\/\/cordobatimes.com\/showup\/?p=35801"},"modified":"2020-02-10T18:16:45","modified_gmt":"2020-02-10T21:16:45","slug":"luis-miguel-protagonizo-cientos-de-memes-por-su-aspecto-fisico","status":"publish","type":"post","link":"https:\/\/www.cordobatimes.com\/showup\/famosos\/2015\/01\/31\/luis-miguel-protagonizo-cientos-de-memes-por-su-aspecto-fisico\/","title":{"rendered":"Luis Miguel protagoniz\u00f3 cientos de \u00abmemes\u00bb por su aspecto f\u00edsico"},"content":{"rendered":"<h3 style=\"text-align: justify;\"><strong>Luego de ofrecer el \u00a0jueves el primero de sus doce conciertos en el Auditorio Nacional, el cantante fue criticado por su apariencia con exceso de peso y exagerado bronceado. \u00a0<\/strong><\/h3>\n<p style=\"text-align: justify;\">En las redes sociales comenzaron a aparecer caricaturas del int\u00e9rprete se\u00f1alando que hab\u00eda aumentado de peso y luc\u00eda excesivamente \u00abnaranja\u00bb<\/p>\n<p style=\"text-align: justify;\">Con su tour \u00abD\u00e9j\u00e0 Vu\u00bb, El Sol pretende llegar a 223 presentaciones y romper su propio r\u00e9cord de actuaciones en el Coloso de Reforma.<\/p>\n<p style=\"text-align: justify;\">No te pierdas las divertidas y malvadas burlas.<\/p>\n<p style=\"text-align: center;\"><a href=\"http:\/\/cordobatimes.com\/showup\/wp-content\/uploads\/2015\/01\/1.png\"><img loading=\"lazy\" decoding=\"async\" class=\"size-full wp-image-35829 aligncenter\" src=\"http:\/\/cordobatimes.com\/showup\/wp-content\/uploads\/2015\/01\/1.png\" alt=\"1\" width=\"449\" height=\"383\" data-id=\"35829\" srcset=\"https:\/\/www.cordobatimes.com\/showup\/wp-content\/uploads\/2015\/01\/1.png 449w, https:\/\/www.cordobatimes.com\/showup\/wp-content\/uploads\/2015\/01\/1-300x255.png 300w\" sizes=\"auto, (max-width: 449px) 100vw, 449px\" \/><\/a><\/p>\n<p style=\"text-align: center;\"><a href=\"http:\/\/cordobatimes.com\/showup\/wp-content\/uploads\/2015\/01\/2.png\"><img loading=\"lazy\" decoding=\"async\" class=\"size-full wp-image-35830 aligncenter\" src=\"http:\/\/cordobatimes.com\/showup\/wp-content\/uploads\/2015\/01\/2.png\" alt=\"2\" width=\"448\" height=\"386\" data-id=\"35830\" srcset=\"https:\/\/www.cordobatimes.com\/showup\/wp-content\/uploads\/2015\/01\/2.png 448w, https:\/\/www.cordobatimes.com\/showup\/wp-content\/uploads\/2015\/01\/2-300x258.png 300w\" sizes=\"auto, (max-width: 448px) 100vw, 448px\" \/><\/a><\/p>\n<p style=\"text-align: center;\"><a href=\"http:\/\/cordobatimes.com\/showup\/wp-content\/uploads\/2015\/01\/3.png\"><img loading=\"lazy\" decoding=\"async\" class=\"size-full wp-image-35831 aligncenter\" src=\"http:\/\/cordobatimes.com\/showup\/wp-content\/uploads\/2015\/01\/3.png\" alt=\"3\" width=\"450\" height=\"335\" data-id=\"35831\" srcset=\"https:\/\/www.cordobatimes.com\/showup\/wp-content\/uploads\/2015\/01\/3.png 450w, https:\/\/www.cordobatimes.com\/showup\/wp-content\/uploads\/2015\/01\/3-300x223.png 300w\" sizes=\"auto, (max-width: 450px) 100vw, 450px\" \/><\/a><\/p>\n<p style=\"text-align: center;\"><a href=\"http:\/\/cordobatimes.com\/showup\/wp-content\/uploads\/2015\/01\/4.png\"><img loading=\"lazy\" decoding=\"async\" class=\"size-full wp-image-35832 aligncenter\" src=\"http:\/\/cordobatimes.com\/showup\/wp-content\/uploads\/2015\/01\/4.png\" alt=\"4\" width=\"446\" height=\"384\" data-id=\"35832\" srcset=\"https:\/\/www.cordobatimes.com\/showup\/wp-content\/uploads\/2015\/01\/4.png 446w, https:\/\/www.cordobatimes.com\/showup\/wp-content\/uploads\/2015\/01\/4-300x258.png 300w\" sizes=\"auto, (max-width: 446px) 100vw, 446px\" \/><\/a><\/p>\n<p style=\"text-align: center;\"><a href=\"http:\/\/cordobatimes.com\/showup\/wp-content\/uploads\/2015\/01\/5.png\"><img loading=\"lazy\" decoding=\"async\" class=\"size-full wp-image-35833 aligncenter\" src=\"http:\/\/cordobatimes.com\/showup\/wp-content\/uploads\/2015\/01\/5.png\" alt=\"5\" width=\"448\" height=\"363\" data-id=\"35833\" srcset=\"https:\/\/www.cordobatimes.com\/showup\/wp-content\/uploads\/2015\/01\/5.png 448w, https:\/\/www.cordobatimes.com\/showup\/wp-content\/uploads\/2015\/01\/5-300x243.png 300w\" sizes=\"auto, (max-width: 448px) 100vw, 448px\" \/><\/a><\/p>\n","protected":false},"excerpt":{"rendered":"<p>Luego de ofrecer el \u00a0jueves el primero de sus doce conciertos en el Auditorio Nacional, el cantante fue criticado por su apariencia con exceso de peso y exagerado bronceado. \u00a0 En las redes sociales comenzaron a aparecer caricaturas del int\u00e9rprete se\u00f1alando que hab\u00eda aumentado de peso y luc\u00eda excesivamente \u00abnaranja\u00bb Con su tour \u00abD\u00e9j\u00e0 Vu\u00bb, [&hellip;]<\/p>\n","protected":false},"author":9,"featured_media":35828,"comment_status":"closed","ping_status":"closed","sticky":false,"template":"","format":"standard","meta":{"_seopress_robots_primary_cat":"","_seopress_titles_title":"","_seopress_titles_desc":"","_seopress_robots_index":"","footnotes":""},"categories":[4],"tags":[29585,29586],"class_list":{"0":"post-35801","1":"post","2":"type-post","3":"status-publish","4":"format-standard","5":"has-post-thumbnail","7":"category-famosos","8":"tag-memes-de-luis-miguel","9":"tag-memes-de-luis-miguel-gordo"},"_links":{"self":[{"href":"https:\/\/www.cordobatimes.com\/showup\/wp-json\/wp\/v2\/posts\/35801","targetHints":{"allow":["GET"]}}],"collection":[{"href":"https:\/\/www.cordobatimes.com\/showup\/wp-json\/wp\/v2\/posts"}],"about":[{"href":"https:\/\/www.cordobatimes.com\/showup\/wp-json\/wp\/v2\/types\/post"}],"author":[{"embeddable":true,"href":"https:\/\/www.cordobatimes.com\/showup\/wp-json\/wp\/v2\/users\/9"}],"replies":[{"embeddable":true,"href":"https:\/\/www.cordobatimes.com\/showup\/wp-json\/wp\/v2\/comments?post=35801"}],"version-history":[{"count":0,"href":"https:\/\/www.cordobatimes.com\/showup\/wp-json\/wp\/v2\/posts\/35801\/revisions"}],"wp:featuredmedia":[{"embeddable":true,"href":"https:\/\/www.cordobatimes.com\/showup\/wp-json\/wp\/v2\/media\/35828"}],"wp:attachment":[{"href":"https:\/\/www.cordobatimes.com\/showup\/wp-json\/wp\/v2\/media?parent=35801"}],"wp:term":[{"taxonomy":"category","embeddable":true,"href":"https:\/\/www.cordobatimes.com\/showup\/wp-json\/wp\/v2\/categories?post=35801"},{"taxonomy":"post_tag","embeddable":true,"href":"https:\/\/www.cordobatimes.com\/showup\/wp-json\/wp\/v2\/tags?post=35801"}],"curies":[{"name":"wp","href":"https:\/\/api.w.org\/{rel}","templated":true}]}}