{"id":35772,"date":"2015-01-28T00:04:28","date_gmt":"2015-01-28T03:04:28","guid":{"rendered":"http:\/\/cordobatimes.com\/showup\/?p=35772"},"modified":"2020-02-10T18:24:05","modified_gmt":"2020-02-10T21:24:05","slug":"natalia-oreiro-regresa-a-la-pantalla-chica-de-la-mano-de-juan-jose-campanella","status":"publish","type":"post","link":"https:\/\/www.cordobatimes.com\/showup\/tv\/2015\/01\/28\/natalia-oreiro-regresa-a-la-pantalla-chica-de-la-mano-de-juan-jose-campanella\/","title":{"rendered":"Natalia Oreiro regresa a la pantalla chica de la mano de Juan Jos\u00e9 Campanella"},"content":{"rendered":"<h3 style=\"text-align: justify;\"><strong>Tal y como te lo hab\u00edamos adelantado, despu\u00e9s de un a\u00f1o tranquilo y de su gira por Rusia, la actriz volver\u00e1 a hacer televisi\u00f3n este a\u00f1o con una tira en producida y escrita el excelente director.\u00a0<\/strong><\/h3>\n<p style=\"text-align: justify;\">Ser\u00e1 una serie y Natalia protagonizar\u00e1 un personaje dram\u00e1tico de una chica que luego de 20 a\u00f1os de haber sufrido actos terribles por parte de varios hombres, regresa a buscar venganza.<\/p>\n<p style=\"text-align: justify;\">La producci\u00f3n \u00a0empezar\u00e1 a filmar en febrero \u00a0pero reci\u00e9n saldr\u00e1 al aire en abril.<\/p>\n<p style=\"text-align: justify;\">Todav\u00eda se est\u00e1 terminando de confirmar el elenco pero ya se anunci\u00f3 que participar\u00e1n Benjam\u00edn Vicu\u00f1a y Joaqu\u00edn Furriel como dos de sus grandes figuras.<\/p>\n<p>&nbsp;<\/p>\n<p>&nbsp;<\/p>\n","protected":false},"excerpt":{"rendered":"<p>Tal y como te lo hab\u00edamos adelantado, despu\u00e9s de un a\u00f1o tranquilo y de su gira por Rusia, la actriz volver\u00e1 a hacer televisi\u00f3n este a\u00f1o con una tira en producida y escrita el excelente director.\u00a0 Ser\u00e1 una serie y Natalia protagonizar\u00e1 un personaje dram\u00e1tico de una chica que luego de 20 a\u00f1os de haber [&hellip;]<\/p>\n","protected":false},"author":9,"featured_media":35777,"comment_status":"closed","ping_status":"closed","sticky":false,"template":"","format":"standard","meta":{"_seopress_robots_primary_cat":"","_seopress_titles_title":"","_seopress_titles_desc":"","_seopress_robots_index":"","footnotes":""},"categories":[2],"tags":[29588],"class_list":{"0":"post-35772","1":"post","2":"type-post","3":"status-publish","4":"format-standard","5":"has-post-thumbnail","7":"category-tv","8":"tag-natalia-oreiro-entre-canibales"},"_links":{"self":[{"href":"https:\/\/www.cordobatimes.com\/showup\/wp-json\/wp\/v2\/posts\/35772","targetHints":{"allow":["GET"]}}],"collection":[{"href":"https:\/\/www.cordobatimes.com\/showup\/wp-json\/wp\/v2\/posts"}],"about":[{"href":"https:\/\/www.cordobatimes.com\/showup\/wp-json\/wp\/v2\/types\/post"}],"author":[{"embeddable":true,"href":"https:\/\/www.cordobatimes.com\/showup\/wp-json\/wp\/v2\/users\/9"}],"replies":[{"embeddable":true,"href":"https:\/\/www.cordobatimes.com\/showup\/wp-json\/wp\/v2\/comments?post=35772"}],"version-history":[{"count":0,"href":"https:\/\/www.cordobatimes.com\/showup\/wp-json\/wp\/v2\/posts\/35772\/revisions"}],"wp:featuredmedia":[{"embeddable":true,"href":"https:\/\/www.cordobatimes.com\/showup\/wp-json\/wp\/v2\/media\/35777"}],"wp:attachment":[{"href":"https:\/\/www.cordobatimes.com\/showup\/wp-json\/wp\/v2\/media?parent=35772"}],"wp:term":[{"taxonomy":"category","embeddable":true,"href":"https:\/\/www.cordobatimes.com\/showup\/wp-json\/wp\/v2\/categories?post=35772"},{"taxonomy":"post_tag","embeddable":true,"href":"https:\/\/www.cordobatimes.com\/showup\/wp-json\/wp\/v2\/tags?post=35772"}],"curies":[{"name":"wp","href":"https:\/\/api.w.org\/{rel}","templated":true}]}}