{"id":35770,"date":"2015-01-28T00:04:16","date_gmt":"2015-01-28T03:04:16","guid":{"rendered":"http:\/\/cordobatimes.com\/showup\/?p=35770"},"modified":"2020-02-10T18:30:00","modified_gmt":"2020-02-10T21:30:00","slug":"los-cuatro-fantasticos-estrenaron-primer-trailer-video","status":"publish","type":"post","link":"https:\/\/www.cordobatimes.com\/showup\/cine-y-series\/2015\/01\/28\/los-cuatro-fantasticos-estrenaron-primer-trailer-video\/","title":{"rendered":"Los Cuatro Fant\u00e1sticos estrenaron primer tr\u00e1iler (Video)"},"content":{"rendered":"<h3 style=\"text-align: justify;\"><strong>Fox comparti\u00f3 el primer adelanto de lo que se piensa que ser\u00e1 uno de los grandes \u00e9xitos del a\u00f1o.<\/strong><\/h3>\n<p style=\"text-align: justify;\">La pol\u00e9mica alrededor del filme comenz\u00f3 con el anuncio del elenco por el cambio que tuvo de Johnny Storm, que ahora es negro.<\/p>\n<p style=\"text-align: justify;\">El estudio que la produce es el mismo que hizo las recomendables X-Men, Primera Generaci\u00f3n y D\u00edas del Futuro Pasado.<\/p>\n<p style=\"text-align: justify;\">En agosto sabremos si lograron resucitar a los Fantastic Four o los terminaron de hundir para siempre, como es muy esperable.<\/p>\n<p style=\"text-align: justify;\">\u00a1Miralo!<\/p>\n<p><iframe loading=\"lazy\" src=\"\/\/www.youtube.com\/embed\/qGyhC_1w0H8\" width=\"560\" height=\"315\" frameborder=\"0\" allowfullscreen=\"allowfullscreen\"><\/iframe><\/p>\n","protected":false},"excerpt":{"rendered":"<p>Fox comparti\u00f3 el primer adelanto de lo que se piensa que ser\u00e1 uno de los grandes \u00e9xitos del a\u00f1o. La pol\u00e9mica alrededor del filme comenz\u00f3 con el anuncio del elenco por el cambio que tuvo de Johnny Storm, que ahora es negro. El estudio que la produce es el mismo que hizo las recomendables X-Men, [&hellip;]<\/p>\n","protected":false},"author":9,"featured_media":35787,"comment_status":"closed","ping_status":"closed","sticky":false,"template":"","format":"standard","meta":{"_seopress_robots_primary_cat":"","_seopress_titles_title":"","_seopress_titles_desc":"","_seopress_robots_index":"","footnotes":""},"categories":[3],"tags":[29589],"class_list":{"0":"post-35770","1":"post","2":"type-post","3":"status-publish","4":"format-standard","5":"has-post-thumbnail","7":"category-cine-y-series","8":"tag-trailer-de-los-cuatro-fantasticos"},"_links":{"self":[{"href":"https:\/\/www.cordobatimes.com\/showup\/wp-json\/wp\/v2\/posts\/35770","targetHints":{"allow":["GET"]}}],"collection":[{"href":"https:\/\/www.cordobatimes.com\/showup\/wp-json\/wp\/v2\/posts"}],"about":[{"href":"https:\/\/www.cordobatimes.com\/showup\/wp-json\/wp\/v2\/types\/post"}],"author":[{"embeddable":true,"href":"https:\/\/www.cordobatimes.com\/showup\/wp-json\/wp\/v2\/users\/9"}],"replies":[{"embeddable":true,"href":"https:\/\/www.cordobatimes.com\/showup\/wp-json\/wp\/v2\/comments?post=35770"}],"version-history":[{"count":0,"href":"https:\/\/www.cordobatimes.com\/showup\/wp-json\/wp\/v2\/posts\/35770\/revisions"}],"wp:featuredmedia":[{"embeddable":true,"href":"https:\/\/www.cordobatimes.com\/showup\/wp-json\/wp\/v2\/media\/35787"}],"wp:attachment":[{"href":"https:\/\/www.cordobatimes.com\/showup\/wp-json\/wp\/v2\/media?parent=35770"}],"wp:term":[{"taxonomy":"category","embeddable":true,"href":"https:\/\/www.cordobatimes.com\/showup\/wp-json\/wp\/v2\/categories?post=35770"},{"taxonomy":"post_tag","embeddable":true,"href":"https:\/\/www.cordobatimes.com\/showup\/wp-json\/wp\/v2\/tags?post=35770"}],"curies":[{"name":"wp","href":"https:\/\/api.w.org\/{rel}","templated":true}]}}