{"id":35665,"date":"2015-01-23T12:50:57","date_gmt":"2015-01-23T15:50:57","guid":{"rendered":"http:\/\/cordobatimes.com\/showup\/?p=35665"},"modified":"2019-11-12T19:15:22","modified_gmt":"2019-11-12T22:15:22","slug":"el-festival-de-cosquin-sera-televisado-por-cronica","status":"publish","type":"post","link":"https:\/\/www.cordobatimes.com\/showup\/agenda\/2015\/01\/23\/el-festival-de-cosquin-sera-televisado-por-cronica\/","title":{"rendered":"El Festival de Cosqu\u00edn ser\u00e1 televisado por Cr\u00f3nica"},"content":{"rendered":"<h3 style=\"text-align: justify;\"><strong>A tan s\u00f3lo un poco m\u00e1s de 24 horas del comienzo del festival, parece que se defini\u00f3 la se\u00f1al por la que se podr\u00e1 ver el evento.<\/strong><\/h3>\n<p style=\"text-align: justify;\">Seg\u00fan lo anunci\u00f3 al aire de Cadena 3 la propia intendenta de Cosqu\u00edn, Rosana Adaglio, ser\u00e1 a trav\u00e9s de Cr\u00f3nica TV : \u00abcinco horas en vivo por noche\u00bb.<\/p>\n<p style=\"text-align: justify;\">Adem\u00e1s, habr\u00e1 compactos y tramos en vivo del festival que ser\u00e1n tomados por Teleocho para la televis\u00f3n de aire en C\u00f3rdoba (Cr\u00f3nica s\u00f3lo se ve a trav\u00e9s de las se\u00f1ales de cable).<\/p>\n<p style=\"text-align: justify;\">\u00abLa trasmisi\u00f3n de Cr\u00f3nica ser\u00e1 una se\u00f1al abierta, para que la tome cualquier canal que desee retrasmitirla\u00bb, asegur\u00f3 la mandataria y presidenta de la Comisi\u00f3n Municipal de Folclore.<\/p>\n<p style=\"text-align: justify;\">Fotograf\u00eda: www.aquicosquin.org<\/p>\n","protected":false},"excerpt":{"rendered":"<p>A tan s\u00f3lo un poco m\u00e1s de 24 horas del comienzo del festival, parece que se defini\u00f3 la se\u00f1al por la que se podr\u00e1 ver el evento. Seg\u00fan lo anunci\u00f3 al aire de Cadena 3 la propia intendenta de Cosqu\u00edn, Rosana Adaglio, ser\u00e1 a trav\u00e9s de Cr\u00f3nica TV : \u00abcinco horas en vivo por noche\u00bb. [&hellip;]<\/p>\n","protected":false},"author":9,"featured_media":35666,"comment_status":"closed","ping_status":"closed","sticky":false,"template":"","format":"standard","meta":{"_seopress_robots_primary_cat":"","_seopress_titles_title":"","_seopress_titles_desc":"","_seopress_robots_index":"","footnotes":""},"categories":[6],"tags":[25604],"class_list":{"0":"post-35665","1":"post","2":"type-post","3":"status-publish","4":"format-standard","5":"has-post-thumbnail","7":"category-agenda","8":"tag-festival-de-cosquin-cronica"},"_links":{"self":[{"href":"https:\/\/www.cordobatimes.com\/showup\/wp-json\/wp\/v2\/posts\/35665","targetHints":{"allow":["GET"]}}],"collection":[{"href":"https:\/\/www.cordobatimes.com\/showup\/wp-json\/wp\/v2\/posts"}],"about":[{"href":"https:\/\/www.cordobatimes.com\/showup\/wp-json\/wp\/v2\/types\/post"}],"author":[{"embeddable":true,"href":"https:\/\/www.cordobatimes.com\/showup\/wp-json\/wp\/v2\/users\/9"}],"replies":[{"embeddable":true,"href":"https:\/\/www.cordobatimes.com\/showup\/wp-json\/wp\/v2\/comments?post=35665"}],"version-history":[{"count":0,"href":"https:\/\/www.cordobatimes.com\/showup\/wp-json\/wp\/v2\/posts\/35665\/revisions"}],"wp:featuredmedia":[{"embeddable":true,"href":"https:\/\/www.cordobatimes.com\/showup\/wp-json\/wp\/v2\/media\/35666"}],"wp:attachment":[{"href":"https:\/\/www.cordobatimes.com\/showup\/wp-json\/wp\/v2\/media?parent=35665"}],"wp:term":[{"taxonomy":"category","embeddable":true,"href":"https:\/\/www.cordobatimes.com\/showup\/wp-json\/wp\/v2\/categories?post=35665"},{"taxonomy":"post_tag","embeddable":true,"href":"https:\/\/www.cordobatimes.com\/showup\/wp-json\/wp\/v2\/tags?post=35665"}],"curies":[{"name":"wp","href":"https:\/\/api.w.org\/{rel}","templated":true}]}}