{"id":35617,"date":"2015-01-22T16:01:26","date_gmt":"2015-01-22T19:01:26","guid":{"rendered":"http:\/\/cordobatimes.com\/showup\/?p=35617"},"modified":"2020-02-11T09:21:22","modified_gmt":"2020-02-11T12:21:22","slug":"griselda-siciliani-regresa-a-la-television-a-interpretar-mellizas","status":"publish","type":"post","link":"https:\/\/www.cordobatimes.com\/showup\/tv\/2015\/01\/22\/griselda-siciliani-regresa-a-la-television-a-interpretar-mellizas\/","title":{"rendered":"Griselda Siciliani regresa a la televisi\u00f3n a interpretar \u00a1mellizas!"},"content":{"rendered":"<h3 style=\"text-align: justify;\"><strong><span style=\"color: #000000;\">Telefe prepara una tira que est\u00e1 programada para que salga al aire, en principio, en el segundo semestre de 2015.<\/span><\/strong><\/h3>\n<p style=\"text-align: justify;\"><span style=\"color: #000000;\">La elegida para que sea la protagonista de esta ficci\u00f3n es Griselda Siciliani, la mujer de\u00a0Adri\u00e1n Suar, con quien tiene a su hija Margarita. <\/span><\/p>\n<p style=\"text-align: justify;\"><span style=\"color: #000000;\">La actriz y cantante est\u00e1 muy cerca de firmar contrato con Underground para ser la figura de uno de sus mayores desaf\u00edos: hacer de dos personajes, ya que en la novela har\u00e1 de mellizas, seg\u00fan public\u00f3 el diario Cr\u00f3nica.<\/span><\/p>\n<p style=\"text-align: justify;\"><span style=\"color: #000000;\">Adem\u00e1s Siciliani contar\u00e1 con tres galanes de los cuales a\u00fan no han sido confirmados los nombres.<\/span><\/p>\n","protected":false},"excerpt":{"rendered":"<p>Telefe prepara una tira que est\u00e1 programada para que salga al aire, en principio, en el segundo semestre de 2015. La elegida para que sea la protagonista de esta ficci\u00f3n es Griselda Siciliani, la mujer de\u00a0Adri\u00e1n Suar, con quien tiene a su hija Margarita. La actriz y cantante est\u00e1 muy cerca de firmar contrato con [&hellip;]<\/p>\n","protected":false},"author":9,"featured_media":35642,"comment_status":"closed","ping_status":"closed","sticky":false,"template":"","format":"standard","meta":{"_seopress_robots_primary_cat":"","_seopress_titles_title":"","_seopress_titles_desc":"","_seopress_robots_index":"","footnotes":""},"categories":[2],"tags":[29608,29607],"class_list":{"0":"post-35617","1":"post","2":"type-post","3":"status-publish","4":"format-standard","5":"has-post-thumbnail","7":"category-tv","8":"tag-buscando-a-nina-novela","9":"tag-griselda-siciliani-en-buscando-a-nina"},"_links":{"self":[{"href":"https:\/\/www.cordobatimes.com\/showup\/wp-json\/wp\/v2\/posts\/35617","targetHints":{"allow":["GET"]}}],"collection":[{"href":"https:\/\/www.cordobatimes.com\/showup\/wp-json\/wp\/v2\/posts"}],"about":[{"href":"https:\/\/www.cordobatimes.com\/showup\/wp-json\/wp\/v2\/types\/post"}],"author":[{"embeddable":true,"href":"https:\/\/www.cordobatimes.com\/showup\/wp-json\/wp\/v2\/users\/9"}],"replies":[{"embeddable":true,"href":"https:\/\/www.cordobatimes.com\/showup\/wp-json\/wp\/v2\/comments?post=35617"}],"version-history":[{"count":0,"href":"https:\/\/www.cordobatimes.com\/showup\/wp-json\/wp\/v2\/posts\/35617\/revisions"}],"wp:featuredmedia":[{"embeddable":true,"href":"https:\/\/www.cordobatimes.com\/showup\/wp-json\/wp\/v2\/media\/35642"}],"wp:attachment":[{"href":"https:\/\/www.cordobatimes.com\/showup\/wp-json\/wp\/v2\/media?parent=35617"}],"wp:term":[{"taxonomy":"category","embeddable":true,"href":"https:\/\/www.cordobatimes.com\/showup\/wp-json\/wp\/v2\/categories?post=35617"},{"taxonomy":"post_tag","embeddable":true,"href":"https:\/\/www.cordobatimes.com\/showup\/wp-json\/wp\/v2\/tags?post=35617"}],"curies":[{"name":"wp","href":"https:\/\/api.w.org\/{rel}","templated":true}]}}