{"id":35604,"date":"2015-01-22T13:20:12","date_gmt":"2015-01-22T16:20:12","guid":{"rendered":"http:\/\/cordobatimes.com\/showup\/?p=35604"},"modified":"2020-02-11T09:37:24","modified_gmt":"2020-02-11T12:37:24","slug":"ante-los-rumores-de-embarazo-araceli-gonzalez-conto-la-verdad","status":"publish","type":"post","link":"https:\/\/www.cordobatimes.com\/showup\/famosos\/2015\/01\/22\/ante-los-rumores-de-embarazo-araceli-gonzalez-conto-la-verdad\/","title":{"rendered":"Ante los rumores de embarazo, Araceli Gonz\u00e1lez cont\u00f3 la verdad"},"content":{"rendered":"<h3 style=\"text-align: justify;\"><strong>En el a\u00f1o 2013 la bella actriz y \u00a0Fabi\u00e1n Mazzei dieron el s\u00ed y se convirtieron en marido y mujer. Ahora se encuentran en el centro de atenci\u00f3n luego de difundirse la posibilidad de la llegada del primer hijo de la pareja.\u00a0<\/strong><\/h3>\n<p style=\"text-align: justify;\">Los felices actores manifestaron en varias ocasiones su deseo de convertirse en padres ya que \u00a0Araceli tiene dos hijos, pero Mazzei no, por lo cual \u00e9l tiene muchas ganas de serlo.<\/p>\n<p style=\"text-align: justify;\">Seg\u00fan publicaron varios medios, Araceli estuvo en una cl\u00ednica de la zona de Escobar haci\u00e9ndose una ecograf\u00eda. Testigos de la visita de la actriz al lugar comentaron que la actriz entr\u00f3 y sali\u00f3 muy r\u00e1pido, pero que fue a hacerse una ecograf\u00eda.<\/p>\n<p style=\"text-align: justify;\">Allegados a los tortorlitos no confirmaron la noticia, pero s\u00ed aportaron como dato que \u00abno me extra\u00f1ar\u00eda porque los dos est\u00e1n con ganas de ser pap\u00e1s\u00bb.<\/p>\n<p style=\"text-align: justify;\">Por su parte, la bell\u00edsima morocha decidi\u00f3 utilizar su cuenta oficial de Twitter y despejar todas las dudas con respecto al tema.<\/p>\n<p style=\"text-align: justify;\"><a href=\"http:\/\/cordobatimes.com\/showup\/wp-content\/uploads\/2015\/01\/araceli.png\"><img loading=\"lazy\" decoding=\"async\" class=\"alignnone size-full wp-image-35606\" src=\"http:\/\/cordobatimes.com\/showup\/wp-content\/uploads\/2015\/01\/araceli.png\" alt=\"araceli\" width=\"698\" height=\"378\" data-id=\"35606\" srcset=\"https:\/\/www.cordobatimes.com\/showup\/wp-content\/uploads\/2015\/01\/araceli.png 698w, https:\/\/www.cordobatimes.com\/showup\/wp-content\/uploads\/2015\/01\/araceli-300x162.png 300w\" sizes=\"auto, (max-width: 698px) 100vw, 698px\" \/><\/a><\/p>\n","protected":false},"excerpt":{"rendered":"<p>En el a\u00f1o 2013 la bella actriz y \u00a0Fabi\u00e1n Mazzei dieron el s\u00ed y se convirtieron en marido y mujer. Ahora se encuentran en el centro de atenci\u00f3n luego de difundirse la posibilidad de la llegada del primer hijo de la pareja.\u00a0 Los felices actores manifestaron en varias ocasiones su deseo de convertirse en padres [&hellip;]<\/p>\n","protected":false},"author":9,"featured_media":35607,"comment_status":"closed","ping_status":"closed","sticky":false,"template":"","format":"standard","meta":{"_seopress_robots_primary_cat":"","_seopress_titles_title":"","_seopress_titles_desc":"","_seopress_robots_index":"","footnotes":""},"categories":[4],"tags":[29609,29610],"class_list":{"0":"post-35604","1":"post","2":"type-post","3":"status-publish","4":"format-standard","5":"has-post-thumbnail","7":"category-famosos","8":"tag-araceli-gonzalez-embarazada","9":"tag-araceli-gonzalez-y-fabian-mazzei"},"_links":{"self":[{"href":"https:\/\/www.cordobatimes.com\/showup\/wp-json\/wp\/v2\/posts\/35604","targetHints":{"allow":["GET"]}}],"collection":[{"href":"https:\/\/www.cordobatimes.com\/showup\/wp-json\/wp\/v2\/posts"}],"about":[{"href":"https:\/\/www.cordobatimes.com\/showup\/wp-json\/wp\/v2\/types\/post"}],"author":[{"embeddable":true,"href":"https:\/\/www.cordobatimes.com\/showup\/wp-json\/wp\/v2\/users\/9"}],"replies":[{"embeddable":true,"href":"https:\/\/www.cordobatimes.com\/showup\/wp-json\/wp\/v2\/comments?post=35604"}],"version-history":[{"count":0,"href":"https:\/\/www.cordobatimes.com\/showup\/wp-json\/wp\/v2\/posts\/35604\/revisions"}],"wp:featuredmedia":[{"embeddable":true,"href":"https:\/\/www.cordobatimes.com\/showup\/wp-json\/wp\/v2\/media\/35607"}],"wp:attachment":[{"href":"https:\/\/www.cordobatimes.com\/showup\/wp-json\/wp\/v2\/media?parent=35604"}],"wp:term":[{"taxonomy":"category","embeddable":true,"href":"https:\/\/www.cordobatimes.com\/showup\/wp-json\/wp\/v2\/categories?post=35604"},{"taxonomy":"post_tag","embeddable":true,"href":"https:\/\/www.cordobatimes.com\/showup\/wp-json\/wp\/v2\/tags?post=35604"}],"curies":[{"name":"wp","href":"https:\/\/api.w.org\/{rel}","templated":true}]}}